{"id":21315,"date":"2021-04-21T19:29:04","date_gmt":"2021-04-21T22:29:04","guid":{"rendered":"https:\/\/pinews.com.br\/?p=21315"},"modified":"2021-04-21T19:29:04","modified_gmt":"2021-04-21T22:29:04","slug":"aos-50-anos-mulher-deficiente-e-aprovada-na-ufpi-era-um-grande-sonho","status":"publish","type":"post","link":"https:\/\/pinews.com.br\/index.php\/2021\/04\/21\/aos-50-anos-mulher-deficiente-e-aprovada-na-ufpi-era-um-grande-sonho\/","title":{"rendered":"Aos 50 anos, mulher deficiente \u00e9 aprovada na UFPI: &#8216;era um grande sonho&#8217;"},"content":{"rendered":"\n<p>As dificuldades enfrentadas por Joana Pereira Filha n\u00e3o a impediram de ser aprovada no curso de Ci\u00eancia Pol\u00edtica na Universidade Federal do Piau\u00ed (UFPI). Aos 50 anos e com uma defici\u00eancia f\u00edsica causada por um acidente de tr\u00e2nsito, a piauiense conquistou a vaga na institui\u00e7\u00e3o de ensino e ainda comemorou ao som das tradicionais marchinhas.<\/p>\n\n\n\n<blockquote class=\"wp-block-quote\"><p>\u201cQuando vi o resultado achei que fosse &#8216;fake&#8217;, falha no sistema. Era um grande sonho. Minha m\u00e3e vivia cantando \u2018p\u00f5e a vitrola pra tocar, pode soltar foguete que eu passei no vestibular\u2019. E agora eu passei na federal. Minha defici\u00eancia n\u00e3o me limita&#8221;, contou Joana.<\/p><\/blockquote>\n\n\n\n<h2>Acidente<\/h2>\n\n\n\n<p>Joana sofreu o acidente no ano de 2002. Ela voltava para casa, na Zona Rural de Altos, com o filho e um sobrinho em uma moto, quando um carro, que estava em alta velocidade, os atropelou ao realizar uma ultrapassagem.<\/p>\n\n\n\n<p>A mulher sofreu fraturas em uma das pernas e foi encaminhada ao Hospital Get\u00falio Vargas (HGV). Ap\u00f3s a alta, Joana passou por um longo processo de reabilita\u00e7\u00e3o e foi voltando para a rotina de trabalho e estudos.<\/p>\n\n\n\n<p>&#8220;Pegava os livros, estudava em casa e ia fazer as provas. Me acidentei, engravidei e tive que parar de estudar por um tempo. Quando voltei, consegui concluir o ensino fundamental e iniciar o m\u00e9dio, onde eu fazia dois anos em um. Foi muito sacrif\u00edcio, mas deu tudo certo&#8221;, lembrou.<\/p>\n\n\n\n<p>Joana voltou a estudar para fazer o Exame Nacional para Certifica\u00e7\u00e3o de Compet\u00eancias de Jovens e Adultos (Encceja). Ela tamb\u00e9m se preparou para fazer um concurso p\u00fablico da Prefeitura de Altos, onde foi aprovada para o cargo de auxiliar de servi\u00e7os diversos. Hoje a piauiense \u00e9 atendente de consult\u00f3rio em uma Unidade B\u00e1sica de Sa\u00fade (UBS) do munic\u00edpio.<\/p>\n\n\n\n<figure class=\"wp-block-image\"><img decoding=\"async\" src=\"https:\/\/s2.glbimg.com\/DWUlZf0Q3FBWGeaMrJwajNuElJY=\/0x0:1163x1280\/984x0\/smart\/filters:strip_icc()\/i.s3.glbimg.com\/v1\/AUTH_59edd422c0c84a879bd37670ae4f538a\/internal_photos\/bs\/2021\/s\/X\/uMzCu0TJ6T0iC1ETMrjQ\/whatsapp-image-2021-04-20-at-10.25.02-1-.jpeg\" alt=\"Joana j\u00e1 foi provada em Ci\u00eancias Biol\u00f3gicas (2014) e Gest\u00e3o ambiental (2017), no Instituto Federal do Piau\u00ed (IFPI) \u2014 Foto: Arquivo Pessoal \"\/><figcaption>Joana j\u00e1 foi provada em Ci\u00eancias Biol\u00f3gicas (2014) e Gest\u00e3o ambiental (2017), no Instituto Federal do Piau\u00ed (IFPI) \u2014 Foto: Arquivo Pessoal<\/figcaption><\/figure>\n\n\n\n<p>Em 2013, Joana continuou os estudos e concluiu o ensino m\u00e9dio usando a nota do Exame Nacional do Ensino M\u00e9dio (Enem). Nos anos seguintes, foi aprovada em Ci\u00eancias Biol\u00f3gicas em 2014 e Gest\u00e3o ambiental em 2017, ambas as aprova\u00e7\u00f5es no Instituto Federal do Piau\u00ed (IFPI). Entretanto, ela n\u00e3o chegou a cursar porque o hor\u00e1rio dos cursos coincidiam com o do trabalho.<\/p>\n\n\n\n<blockquote class=\"wp-block-quote\"><p>&#8220;Nunca me deixei abater mesmo com tantas batalhas. Fui aprovada, mas infelizmente n\u00e3o pude cursar porque minha prioridade naquele momento era meu emprego que eu dependia para sobreviver. Precisei escolher&#8221;, disse.<\/p><\/blockquote>\n\n\n\n<h2>Perda do pai<\/h2>\n\n\n\n<p>A aprova\u00e7\u00e3o no curso de Ci\u00eancia Pol\u00edtica da UFPI, veio em um momento de luto vivido por Joana. Em janeiro de 2020, ela perdeu o pai, Manoel da Costa Lima, de 96 anos, para o c\u00e2ncer.<\/p>\n\n\n\n<p>&#8220;Meu pai faleceu de c\u00e2ncer de pulm\u00e3o nos meus bra\u00e7os. Ele foi o homem mais forte que j\u00e1 conheci na minha vida. Agora ganhei essa alegria da aprova\u00e7\u00e3o&#8221;, comentou Joana.<\/p>\n\n\n\n<h2>Aprovada tamb\u00e9m enfrentou a Covid-19<\/h2>\n\n\n\n<p>A atendente de consult\u00f3rio teve Covid-19 duas vezes em 2020. Com 70% dos pulm\u00f5es comprometidos, Joana chegou a ficar internada por oito dias em um hospital de Altos e depois mais seis dias no Hospital de Doen\u00e7as Tropicais Natan Portella, em Teresina.<\/p>\n\n\n\n<p>&#8220;Na primeira vez tive sintomas leves que inicialmente foi confundido como infe\u00e7\u00e3o urin\u00e1ria. Fiquei isolada e me recuperei bem. J\u00e1 a segunda vez foi muito forte e eu sentia muita dor no corpo, febre, dor no peito e pneumonia. Era um sentimento muito ruim, pois meu esposo e meus filhos tamb\u00e9m estavam contaminados e isolados em casa&#8221;, completou Joana.<\/p>\n\n\n\n<p><strong>Fonte: G1 PI<\/strong><\/p>\n","protected":false},"excerpt":{"rendered":"<p>As dificuldades enfrentadas por Joana Pereira Filha n\u00e3o a impediram de ser aprovada no curso de Ci\u00eancia Pol\u00edtica na Universidade Federal do Piau\u00ed (UFPI). Aos 50 anos e com uma defici\u00eancia f\u00edsica causada por um acidente de tr\u00e2nsito, a piauiense conquistou a vaga na institui\u00e7\u00e3o de ensino e ainda comemorou ao som das tradicionais marchinhas. [&hellip;]<\/p>\n","protected":false},"author":1,"featured_media":21316,"comment_status":"open","ping_status":"open","sticky":false,"template":"","format":"standard","meta":{"beyondwords_generate_audio":"","beyondwords_project_id":"","beyondwords_podcast_id":"","beyondwords_hash":"","beyondwords_error_message":"","beyondwords_disabled":"","publish_post_to_speechkit":"","speechkit_generate_audio":"","speechkit_project_id":"","speechkit_podcast_id":"","speechkit_hash":"","speechkit_error_message":"","speechkit_disabled":"","speechkit_access_key":"","speechkit_error":"","speechkit_info":"","speechkit_response":"","speechkit_retries":"","_speechkit_link":"","_speechkit_text":""},"categories":[394,51],"tags":[277,82,142,1907,8118,72,7226,6074,135,91,8092,131,436],"jetpack_featured_media_url":"","_links":{"self":[{"href":"https:\/\/pinews.com.br\/index.php\/wp-json\/wp\/v2\/posts\/21315"}],"collection":[{"href":"https:\/\/pinews.com.br\/index.php\/wp-json\/wp\/v2\/posts"}],"about":[{"href":"https:\/\/pinews.com.br\/index.php\/wp-json\/wp\/v2\/types\/post"}],"author":[{"embeddable":true,"href":"https:\/\/pinews.com.br\/index.php\/wp-json\/wp\/v2\/users\/1"}],"replies":[{"embeddable":true,"href":"https:\/\/pinews.com.br\/index.php\/wp-json\/wp\/v2\/comments?post=21315"}],"version-history":[{"count":0,"href":"https:\/\/pinews.com.br\/index.php\/wp-json\/wp\/v2\/posts\/21315\/revisions"}],"wp:featuredmedia":[{"embeddable":true,"href":"https:\/\/pinews.com.br\/index.php\/wp-json\/"}],"wp:attachment":[{"href":"https:\/\/pinews.com.br\/index.php\/wp-json\/wp\/v2\/media?parent=21315"}],"wp:term":[{"taxonomy":"category","embeddable":true,"href":"https:\/\/pinews.com.br\/index.php\/wp-json\/wp\/v2\/categories?post=21315"},{"taxonomy":"post_tag","embeddable":true,"href":"https:\/\/pinews.com.br\/index.php\/wp-json\/wp\/v2\/tags?post=21315"}],"curies":[{"name":"wp","href":"https:\/\/api.w.org\/{rel}","templated":true}]}}