{"id":21340,"date":"2021-04-22T11:50:25","date_gmt":"2021-04-22T14:50:25","guid":{"rendered":"https:\/\/pinews.com.br\/?p=21340"},"modified":"2021-04-22T11:50:25","modified_gmt":"2021-04-22T14:50:25","slug":"jovem-de-18-anos-e-assassinado-com-12-tiros-no-piaui","status":"publish","type":"post","link":"https:\/\/pinews.com.br\/index.php\/2021\/04\/22\/jovem-de-18-anos-e-assassinado-com-12-tiros-no-piaui\/","title":{"rendered":"Jovem de 18 anos \u00e9 assassinado com 12 tiros no Piau\u00ed"},"content":{"rendered":"\n<p>Um jovem identificado como Carlos Henrique Silva Ferreira, mais conhecido como Tiririca, de 18 anos, foi assassinado com 12 tiros na noite de quarta-feira (21) na Vila Bandeirantes, na Zona Leste de&nbsp;Teresina.<\/p>\n\n\n\n<p>O caso ocorreu por volta das 20h, na Rua Dom Bosco. Segundo informa\u00e7\u00f5es do major Cl\u00e9ber Bezerra, comandante do 5\u00ba Batalh\u00e3o da Pol\u00edcia Militar do Piau\u00ed, Carlos Henrique estava transitando nessa rua quando foi baleado.<\/p>\n\n\n\n<p>\u201cA Pol\u00edcia Militar foi informada sobre um poss\u00edvel homic\u00eddio na Vila Bandeirantes e chegando ao local constatou que o rapaz j\u00e1 estava morto. Ele \u00e9 um ex-presidi\u00e1rio, conhecido como Tiririca. At\u00e9 agora n\u00e3o sabemos como o crime aconteceu, pois n\u00e3o apareceu nenhuma testemunha\u201d, explicou o comandante do 5\u00ba BPM.<\/p>\n\n\n\n<p>Uma equipe do Instituto de Medicina Legal (IML) e a per\u00edcia criminal da Pol\u00edcia Civil estiveram no local e foi constatado que Carlos Henrique foi atingido com 12 disparos.<\/p>\n\n\n\n<p>O Departamento de Homic\u00eddio e Prote\u00e7\u00e3o \u00e0 Pessoa (DHPP) vai ficar respons\u00e1vel pela investiga\u00e7\u00e3o do assassinato.<\/p>\n\n\n\n<p><strong>Fonte: G1 PI<\/strong><\/p>\n","protected":false},"excerpt":{"rendered":"<p>Um jovem identificado como Carlos Henrique Silva Ferreira, mais conhecido como Tiririca, de 18 anos, foi assassinado com 12 tiros na noite de quarta-feira (21) na Vila Bandeirantes, na Zona Leste de&nbsp;Teresina. O caso ocorreu por volta das 20h, na Rua Dom Bosco. Segundo informa\u00e7\u00f5es do major Cl\u00e9ber Bezerra, comandante do 5\u00ba Batalh\u00e3o da Pol\u00edcia [&hellip;]<\/p>\n","protected":false},"author":1,"featured_media":21341,"comment_status":"open","ping_status":"open","sticky":false,"template":"","format":"standard","meta":{"beyondwords_generate_audio":"","beyondwords_project_id":"","beyondwords_podcast_id":"","beyondwords_hash":"","beyondwords_error_message":"","beyondwords_disabled":"","publish_post_to_speechkit":"","speechkit_generate_audio":"","speechkit_project_id":"","speechkit_podcast_id":"","speechkit_hash":"","speechkit_error_message":"","speechkit_disabled":"","speechkit_access_key":"","speechkit_error":"","speechkit_info":"","speechkit_response":"","speechkit_retries":"","_speechkit_link":"","_speechkit_text":""},"categories":[51,78,81],"tags":[191,981,82,364,44,72,266,52,165],"jetpack_featured_media_url":"","_links":{"self":[{"href":"https:\/\/pinews.com.br\/index.php\/wp-json\/wp\/v2\/posts\/21340"}],"collection":[{"href":"https:\/\/pinews.com.br\/index.php\/wp-json\/wp\/v2\/posts"}],"about":[{"href":"https:\/\/pinews.com.br\/index.php\/wp-json\/wp\/v2\/types\/post"}],"author":[{"embeddable":true,"href":"https:\/\/pinews.com.br\/index.php\/wp-json\/wp\/v2\/users\/1"}],"replies":[{"embeddable":true,"href":"https:\/\/pinews.com.br\/index.php\/wp-json\/wp\/v2\/comments?post=21340"}],"version-history":[{"count":0,"href":"https:\/\/pinews.com.br\/index.php\/wp-json\/wp\/v2\/posts\/21340\/revisions"}],"wp:featuredmedia":[{"embeddable":true,"href":"https:\/\/pinews.com.br\/index.php\/wp-json\/"}],"wp:attachment":[{"href":"https:\/\/pinews.com.br\/index.php\/wp-json\/wp\/v2\/media?parent=21340"}],"wp:term":[{"taxonomy":"category","embeddable":true,"href":"https:\/\/pinews.com.br\/index.php\/wp-json\/wp\/v2\/categories?post=21340"},{"taxonomy":"post_tag","embeddable":true,"href":"https:\/\/pinews.com.br\/index.php\/wp-json\/wp\/v2\/tags?post=21340"}],"curies":[{"name":"wp","href":"https:\/\/api.w.org\/{rel}","templated":true}]}}