{"id":21343,"date":"2021-04-22T11:58:00","date_gmt":"2021-04-22T14:58:00","guid":{"rendered":"https:\/\/pinews.com.br\/?p=21343"},"modified":"2021-04-22T11:58:00","modified_gmt":"2021-04-22T14:58:00","slug":"governador-do-piaui-sanciona-lei-que-preve-auxilio-financeiro-para-jovens-e-adultos-analfabetos","status":"publish","type":"post","link":"https:\/\/pinews.com.br\/index.php\/2021\/04\/22\/governador-do-piaui-sanciona-lei-que-preve-auxilio-financeiro-para-jovens-e-adultos-analfabetos\/","title":{"rendered":"Governador do Piau\u00ed sanciona lei que prev\u00ea aux\u00edlio financeiro para jovens e adultos analfabetos"},"content":{"rendered":"\n<p>O governador do Piau\u00ed, Wellington Dias (PT), sancionou um projeto de lei que autoriza o pagamento de bolsas de estudos para pessoas, acima de 18 anos, que ainda n\u00e3o sabem ler e nem escrever por meio do programa PRO Alfabetiza\u00e7\u00e3o. O projeto de lei foi publicado no Di\u00e1rio Oficial nessa ter\u00e7a-feira (20).<\/p>\n\n\n\n<p>Na lei n\u00e3o \u00e9 estabelecido o valor da bolsa de estudo, mas o governo j\u00e1 havia anunciado que o aux\u00edlio financeiro ser\u00e1 no valor de R$ 400,00. Ainda ser\u00e1 publicada uma portaria especificando o valor, a forma de pagamento, a periodicidade e as condi\u00e7\u00f5es para recebimento.<\/p>\n\n\n\n<p>O objetivo desta medida \u00e9 reduzir a taxa de analfabetismo no estado. O pagamento da bolsa \u00e9 uma medida para incentivar que as pessoas que n\u00e3o sabem ler e escrever, a procurar pela alfabetiza\u00e7\u00e3o.<\/p>\n\n\n\n<p>Segundo a Pesquisa Nacional por Amostra de Domic\u00edlios Cont\u00ednua (PNAD) de 2018, o Piau\u00ed possui 421 mil analfabetos, sendo 58 mil em Teresina. O governo pretende alfabetizar 200 mil piauienses em 24 meses.<\/p>\n\n\n\n<p>A Secretaria de Estado da Educa\u00e7\u00e3o (Seduc) ficar\u00e1 respons\u00e1vel pela execu\u00e7\u00e3o da lei, por meio do programa PRO Alfabetiza\u00e7\u00e3o de Jovens e Adultos (PROAJA).<\/p>\n\n\n\n<h2>Participa\u00e7\u00e3o da iniciativa privada<\/h2>\n\n\n\n<p>Um dos pontos do projeto \u00e9 a participa\u00e7\u00e3o da iniciativa privada que pode ocorrer quando for identificada a falta de vagas e cursos regulares nas institui\u00e7\u00f5es p\u00fablicas onde mora o alfabetizando.<\/p>\n\n\n\n<p>Consta no projeto de lei que \u201ca Secretaria de Estado da Educa\u00e7\u00e3o fica autorizada a convocar, por meio de procedimento de credenciamento, institui\u00e7\u00f5es privadas que demonstrem interesse e que apresentem condi\u00e7\u00f5es para desenvolver os cursos de alfabetiza\u00e7\u00e3o nos locais em que for identificada a falta de vagas e cursos regulares nas institui\u00e7\u00f5es p\u00fablicas\u201d.<\/p>\n\n\n\n<h2>Medida previstas<\/h2>\n\n\n\n<p>A lei ainda determina a execu\u00e7\u00e3o de outras a\u00e7\u00f5es voltadas para a redu\u00e7\u00e3o do analfabetismo no Piau\u00ed, como uma busca ativa dos alfabetizandos, ofertas de cursos de alfabetiza\u00e7\u00e3o, matr\u00edcula dos interessados e identifica\u00e7\u00e3o da popula\u00e7\u00e3o jovem, adulta e idosa analfabeta, com mapeamento dos locais de sua resid\u00eancia e das vagas em cursos de alfabetiza\u00e7\u00e3o.&nbsp;<strong><em>Confira:<\/em><\/strong><\/p>\n\n\n\n<ul><li>respeito \u00e0s peculiaridades de cada alfabetizando, considerando suas caracter\u00edsticas, interesses e condi\u00e7\u00f5es de vida e de trabalho; aten\u00e7\u00e3o \u00e0 acessibilidade e ao atendimento de pessoas com defici\u00eancia;<\/li><li>inclus\u00e3o de benefici\u00e1rios integrantes de comunidades ind\u00edgenas, quilombolas e pessoas privadas de liberdade;<\/li><li>oferta dos cursos de forma adequada \u00e0s condi\u00e7\u00f5es do alfabetizando, respeitando as especificidades do territ\u00f3rio e a garantia de acesso aos cursos de alfabetiza\u00e7\u00e3o;<\/li><li>amplia\u00e7\u00e3o das possibilidades de acesso, ades\u00e3o e perman\u00eancia dos interessados nos cursos de alfabetiza\u00e7\u00e3o por meio da oferta bolsas de estudos;<\/li><li>participa\u00e7\u00e3o, na oferta dos cursos, das institui\u00e7\u00f5es p\u00fablicas e privadas, com e sem finalidade lucrativa, bem como das entidades privadas de servi\u00e7o social e de forma\u00e7\u00e3o profissional vinculada ao sistema sindical;<\/li><li>avalia\u00e7\u00e3o e controle social;<\/li><li>prepara\u00e7\u00e3o para o prosseguimento dos estudos na Educa\u00e7\u00e3o de Jovens e Adultos articulada com a educa\u00e7\u00e3o profissional;<\/li><li>introdu\u00e7\u00e3o \u00e0 cultura digital, com utiliza\u00e7\u00e3o de conte\u00fado que aborde o uso de diferentes linguagens, t\u00e9cnicas de comunica\u00e7\u00e3o, computa\u00e7\u00e3o e demais avan\u00e7os tecnol\u00f3gicos;<\/li><li>utiliza\u00e7\u00e3o de metodologia e material did\u00e1tico destinados ao alfabetizando idoso, com elabora\u00e7\u00e3o de conte\u00fados voltados para o processo de envelhecimento, o respeito e a valoriza\u00e7\u00e3o dos estudantes com idade igual ou superior a 60 anos.<\/li><\/ul>\n\n\n\n<p><strong>Fonte: G1 PI<\/strong><\/p>\n","protected":false},"excerpt":{"rendered":"<p>O governador do Piau\u00ed, Wellington Dias (PT), sancionou um projeto de lei que autoriza o pagamento de bolsas de estudos para pessoas, acima de 18 anos, que ainda n\u00e3o sabem ler e nem escrever por meio do programa PRO Alfabetiza\u00e7\u00e3o. O projeto de lei foi publicado no Di\u00e1rio Oficial nessa ter\u00e7a-feira (20). Na lei n\u00e3o [&hellip;]<\/p>\n","protected":false},"author":1,"featured_media":21344,"comment_status":"open","ping_status":"open","sticky":false,"template":"","format":"standard","meta":{"beyondwords_generate_audio":"","beyondwords_project_id":"","beyondwords_podcast_id":"","beyondwords_hash":"","beyondwords_error_message":"","beyondwords_disabled":"","publish_post_to_speechkit":"","speechkit_generate_audio":"","speechkit_project_id":"","speechkit_podcast_id":"","speechkit_hash":"","speechkit_error_message":"","speechkit_disabled":"","speechkit_access_key":"","speechkit_error":"","speechkit_info":"","speechkit_response":"","speechkit_retries":"","_speechkit_link":"","_speechkit_text":""},"categories":[394,51],"tags":[598,8125,2647,5981,2310,542,692,350,52,694,7740],"jetpack_featured_media_url":"","_links":{"self":[{"href":"https:\/\/pinews.com.br\/index.php\/wp-json\/wp\/v2\/posts\/21343"}],"collection":[{"href":"https:\/\/pinews.com.br\/index.php\/wp-json\/wp\/v2\/posts"}],"about":[{"href":"https:\/\/pinews.com.br\/index.php\/wp-json\/wp\/v2\/types\/post"}],"author":[{"embeddable":true,"href":"https:\/\/pinews.com.br\/index.php\/wp-json\/wp\/v2\/users\/1"}],"replies":[{"embeddable":true,"href":"https:\/\/pinews.com.br\/index.php\/wp-json\/wp\/v2\/comments?post=21343"}],"version-history":[{"count":0,"href":"https:\/\/pinews.com.br\/index.php\/wp-json\/wp\/v2\/posts\/21343\/revisions"}],"wp:featuredmedia":[{"embeddable":true,"href":"https:\/\/pinews.com.br\/index.php\/wp-json\/"}],"wp:attachment":[{"href":"https:\/\/pinews.com.br\/index.php\/wp-json\/wp\/v2\/media?parent=21343"}],"wp:term":[{"taxonomy":"category","embeddable":true,"href":"https:\/\/pinews.com.br\/index.php\/wp-json\/wp\/v2\/categories?post=21343"},{"taxonomy":"post_tag","embeddable":true,"href":"https:\/\/pinews.com.br\/index.php\/wp-json\/wp\/v2\/tags?post=21343"}],"curies":[{"name":"wp","href":"https:\/\/api.w.org\/{rel}","templated":true}]}}