{"id":21356,"date":"2021-04-22T19:04:22","date_gmt":"2021-04-22T22:04:22","guid":{"rendered":"https:\/\/pinews.com.br\/?p=21356"},"modified":"2021-04-22T19:04:22","modified_gmt":"2021-04-22T22:04:22","slug":"detentos-piauienses-conseguem-aprovacao-no-enem","status":"publish","type":"post","link":"https:\/\/pinews.com.br\/index.php\/2021\/04\/22\/detentos-piauienses-conseguem-aprovacao-no-enem\/","title":{"rendered":"Detentos piauienses conseguem aprova\u00e7\u00e3o no Enem"},"content":{"rendered":"\n<p>A Secretaria de Estado da Justi\u00e7a divulgou, nesta quinta-feira (22), o n\u00famero de detentos aprovados no Exame Nacional do Ensino M\u00e9dio para Pessoas Privadas de Liberdade, o Enem PPL 2020. Dos 475 reeducandos que realizaram a prova, 184 obtiveram m\u00e9dias necess\u00e1rias para disputar vagas nas institui\u00e7\u00f5es de ensino m\u00e9dio e privado. Deste n\u00famero, 5 foram aprovados em cursos como Engenharia Agr\u00f4noma, Ci\u00eancias Sociais, Letras Portugu\u00eas e Licenciatura em F\u00edsica.<\/p>\n\n\n\n<p>A coordenadora de ensino da Sejus, Jussyara Valente, explica que, em raz\u00e3o da pandemia da Covid-19, os reeducandos se prepararam atrav\u00e9s de revis\u00f5es e atividades de forma remota. \u201cOfertamos todos os materiais necess\u00e1rios para que eles pudessem concorrer a essas vagas e n\u00e3o sa\u00edrem prejudicados. Estamos muito felizes com o resultado. Mesmo diante de todo o cen\u00e1rio da pandemia, conseguimos fazer com que o exame acontecesse. Tivemos o maior n\u00famero de inscri\u00e7\u00e3o, uma participa\u00e7\u00e3o maior dos reeducandos e tivemos 5 aprova\u00e7\u00f5es em cursos bastante concorridos, inclusive, conseguimos aprova\u00e7\u00f5es em 2\u00b0 e 3\u00b0 lugar na Uespi\u201d, disse.<\/p>\n\n\n\n<p>A coordenadora ressalta que a prova do Enem PPL possui um grau de dificuldade semelhante ao do Enem Regular, e \u00e9 uma oportunidade para os internos se inserirem no ensino superior. \u201cHoje, vemos que aumentou o interesse das pessoas privadas de liberdade em participar do Exame, n\u00e3o s\u00f3 em busca da remi\u00e7\u00e3o de pena, mas, tamb\u00e9m, com objetivo de voltar a conquistar o seu espa\u00e7o aqui fora, tendo consci\u00eancia que, atrav\u00e9s da educa\u00e7\u00e3o, as oportunidades ir\u00e3o surgir. Foi um resultado positivo em meio a tantos problemas, mas seguimos avan\u00e7ando. Acreditamos que o muro e as grades n\u00e3o s\u00e3o empecilhos para que a educa\u00e7\u00e3o chegue at\u00e9 as pessoas privadas de liberdade\u201d, finalizou.<\/p>\n\n\n\n<p><strong>Fonte: Cidade Verde<\/strong><\/p>\n","protected":false},"excerpt":{"rendered":"<p>A Secretaria de Estado da Justi\u00e7a divulgou, nesta quinta-feira (22), o n\u00famero de detentos aprovados no Exame Nacional do Ensino M\u00e9dio para Pessoas Privadas de Liberdade, o Enem PPL 2020. Dos 475 reeducandos que realizaram a prova, 184 obtiveram m\u00e9dias necess\u00e1rias para disputar vagas nas institui\u00e7\u00f5es de ensino m\u00e9dio e privado. Deste n\u00famero, 5 foram [&hellip;]<\/p>\n","protected":false},"author":1,"featured_media":21357,"comment_status":"open","ping_status":"open","sticky":false,"template":"","format":"standard","meta":{"beyondwords_generate_audio":"","beyondwords_project_id":"","beyondwords_podcast_id":"","beyondwords_hash":"","beyondwords_error_message":"","beyondwords_disabled":"","publish_post_to_speechkit":"","speechkit_generate_audio":"","speechkit_project_id":"","speechkit_podcast_id":"","speechkit_hash":"","speechkit_error_message":"","speechkit_disabled":"","speechkit_access_key":"","speechkit_error":"","speechkit_info":"","speechkit_response":"","speechkit_retries":"","_speechkit_link":"","_speechkit_text":""},"categories":[394,51],"tags":[7274,7248,2259,395,743],"jetpack_featured_media_url":"","_links":{"self":[{"href":"https:\/\/pinews.com.br\/index.php\/wp-json\/wp\/v2\/posts\/21356"}],"collection":[{"href":"https:\/\/pinews.com.br\/index.php\/wp-json\/wp\/v2\/posts"}],"about":[{"href":"https:\/\/pinews.com.br\/index.php\/wp-json\/wp\/v2\/types\/post"}],"author":[{"embeddable":true,"href":"https:\/\/pinews.com.br\/index.php\/wp-json\/wp\/v2\/users\/1"}],"replies":[{"embeddable":true,"href":"https:\/\/pinews.com.br\/index.php\/wp-json\/wp\/v2\/comments?post=21356"}],"version-history":[{"count":0,"href":"https:\/\/pinews.com.br\/index.php\/wp-json\/wp\/v2\/posts\/21356\/revisions"}],"wp:featuredmedia":[{"embeddable":true,"href":"https:\/\/pinews.com.br\/index.php\/wp-json\/"}],"wp:attachment":[{"href":"https:\/\/pinews.com.br\/index.php\/wp-json\/wp\/v2\/media?parent=21356"}],"wp:term":[{"taxonomy":"category","embeddable":true,"href":"https:\/\/pinews.com.br\/index.php\/wp-json\/wp\/v2\/categories?post=21356"},{"taxonomy":"post_tag","embeddable":true,"href":"https:\/\/pinews.com.br\/index.php\/wp-json\/wp\/v2\/tags?post=21356"}],"curies":[{"name":"wp","href":"https:\/\/api.w.org\/{rel}","templated":true}]}}