{"id":21385,"date":"2021-04-22T19:28:44","date_gmt":"2021-04-22T22:28:44","guid":{"rendered":"https:\/\/pinews.com.br\/?p=21385"},"modified":"2021-04-22T19:28:44","modified_gmt":"2021-04-22T22:28:44","slug":"empresario-e-preso-suspeito-de-atirar-na-cunhada-durante-bebedeira-no-piaui","status":"publish","type":"post","link":"https:\/\/pinews.com.br\/index.php\/2021\/04\/22\/empresario-e-preso-suspeito-de-atirar-na-cunhada-durante-bebedeira-no-piaui\/","title":{"rendered":"Empres\u00e1rio \u00e9 preso suspeito de atirar na cunhada durante bebedeira no Piau\u00ed"},"content":{"rendered":"\n<p>Um empres\u00e1rio foi preso nesta quinta-feira (22) suspeito de atirar contra a cunhada na perna durante uma bebedeira em Altos, no Norte do Piau\u00ed. O crime aconteceu no m\u00eas de mar\u00e7o deste ano.<\/p>\n\n\n\n<p>O suspeito foi localizado na pr\u00f3pria empresa que fica no bairro Vermelha, Zona Sul de Teresina. Segundo o coordenador do Grupo de Apoio Operacional (GAO), Joatan Gon\u00e7alves, ele foi preso em cumprimento de um mandado de pris\u00e3o preventiva por tentativa de homic\u00eddio, com base na lei Maria da Penha.<\/p>\n\n\n\n<p>\u201cOs policiais da delegacia de Altos realizaram dilig\u00eancias, ouviram a v\u00edtima, testemunhas e a Justi\u00e7a concedeu um mandado de pris\u00e3o e de busca e apreens\u00e3o. Durante a vistoria no local, foi encontrada ainda uma arma de fogo com doze muni\u00e7\u00f5es\u201d, informou.<\/p>\n\n\n\n<p>O empres\u00e1rio foi autuado em flagrante pelo crime de porte ilegal de arma de fogo. Ele realizou o exame de corpo de delito no Instituto de Medicinal Legal (IML) e ficar\u00e1 \u00e0 disposi\u00e7\u00e3o da Justi\u00e7a.<\/p>\n\n\n\n<p><strong>Fonte: G1 PI<\/strong><\/p>\n","protected":false},"excerpt":{"rendered":"<p>Um empres\u00e1rio foi preso nesta quinta-feira (22) suspeito de atirar contra a cunhada na perna durante uma bebedeira em Altos, no Norte do Piau\u00ed. O crime aconteceu no m\u00eas de mar\u00e7o deste ano. O suspeito foi localizado na pr\u00f3pria empresa que fica no bairro Vermelha, Zona Sul de Teresina. Segundo o coordenador do Grupo de [&hellip;]<\/p>\n","protected":false},"author":1,"featured_media":21386,"comment_status":"open","ping_status":"open","sticky":false,"template":"","format":"standard","meta":{"beyondwords_generate_audio":"","beyondwords_project_id":"","beyondwords_podcast_id":"","beyondwords_hash":"","beyondwords_error_message":"","beyondwords_disabled":"","publish_post_to_speechkit":"","speechkit_generate_audio":"","speechkit_project_id":"","speechkit_podcast_id":"","speechkit_hash":"","speechkit_error_message":"","speechkit_disabled":"","speechkit_access_key":"","speechkit_error":"","speechkit_info":"","speechkit_response":"","speechkit_retries":"","_speechkit_link":"","_speechkit_text":""},"categories":[51,78],"tags":[1743,317,8131,44,45,72,152,91,52,79,130],"jetpack_featured_media_url":"","_links":{"self":[{"href":"https:\/\/pinews.com.br\/index.php\/wp-json\/wp\/v2\/posts\/21385"}],"collection":[{"href":"https:\/\/pinews.com.br\/index.php\/wp-json\/wp\/v2\/posts"}],"about":[{"href":"https:\/\/pinews.com.br\/index.php\/wp-json\/wp\/v2\/types\/post"}],"author":[{"embeddable":true,"href":"https:\/\/pinews.com.br\/index.php\/wp-json\/wp\/v2\/users\/1"}],"replies":[{"embeddable":true,"href":"https:\/\/pinews.com.br\/index.php\/wp-json\/wp\/v2\/comments?post=21385"}],"version-history":[{"count":0,"href":"https:\/\/pinews.com.br\/index.php\/wp-json\/wp\/v2\/posts\/21385\/revisions"}],"wp:featuredmedia":[{"embeddable":true,"href":"https:\/\/pinews.com.br\/index.php\/wp-json\/"}],"wp:attachment":[{"href":"https:\/\/pinews.com.br\/index.php\/wp-json\/wp\/v2\/media?parent=21385"}],"wp:term":[{"taxonomy":"category","embeddable":true,"href":"https:\/\/pinews.com.br\/index.php\/wp-json\/wp\/v2\/categories?post=21385"},{"taxonomy":"post_tag","embeddable":true,"href":"https:\/\/pinews.com.br\/index.php\/wp-json\/wp\/v2\/tags?post=21385"}],"curies":[{"name":"wp","href":"https:\/\/api.w.org\/{rel}","templated":true}]}}