{"id":21404,"date":"2021-04-23T11:36:57","date_gmt":"2021-04-23T14:36:57","guid":{"rendered":"https:\/\/pinews.com.br\/?p=21404"},"modified":"2021-04-23T11:36:57","modified_gmt":"2021-04-23T14:36:57","slug":"adolescente-de-14-anos-perde-controle-da-direcao-e-carro-cai-de-ponte-de-15-metros-de-altura-no-piaui","status":"publish","type":"post","link":"https:\/\/pinews.com.br\/index.php\/2021\/04\/23\/adolescente-de-14-anos-perde-controle-da-direcao-e-carro-cai-de-ponte-de-15-metros-de-altura-no-piaui\/","title":{"rendered":"Adolescente de 14 anos perde controle da dire\u00e7\u00e3o e carro cai de ponte de 15 metros de altura no Piau\u00ed"},"content":{"rendered":"\n<p>Um adolescente de 14 anos ficou ferido ap\u00f3s perder o controle da dire\u00e7\u00e3o e o carro cair de uma ponte de 15 metros de altura em&nbsp;Riacho Frio, a 791 km de Teresina, nesta quinta-feira (22). A Pol\u00edcia Militar confirmou que o garoto dirigia irregularmente o carro do pai quando caiu.<\/p>\n\n\n\n<p>\u201cO acidente aconteceu na Ponte dos Milagres, onde tem muitas pedras grandes no riacho. Muita sorte n\u00e3o ter acontecido o pior. O adolescente \u00e9 filho do prefeito Jabes J\u00fanior\u201d, contou o comandante Paulo C\u00e9sar Ribeiro do Grupamento da Pol\u00edcia Militar (GPM) de Riacho Frio.<\/p>\n\n\n\n<p>A Pol\u00edcia Militar informou que o jovem estava indo em dire\u00e7\u00e3o \u00e0 cidade pela PI-411, que liga Corrente \u00e0 Riacho Frio.&nbsp;No ve\u00edculo, al\u00e9m do filho do prefeito, outro jovem foi identificado. Os dois tiveram apenas ferimentos leves e passam bem.<\/p>\n\n\n\n<p>O Sistema de Atendimento Mov\u00e9l (Samu) n\u00e3o foi acionado. O&nbsp;<strong>G1&nbsp;<\/strong>n\u00e3o conseguiu contato com o prefeito Jabes J\u00fanior (PP).<\/p>\n\n\n\n<p><strong>Fonte: G1 PI<\/strong><\/p>\n","protected":false},"excerpt":{"rendered":"<p>Um adolescente de 14 anos ficou ferido ap\u00f3s perder o controle da dire\u00e7\u00e3o e o carro cair de uma ponte de 15 metros de altura em&nbsp;Riacho Frio, a 791 km de Teresina, nesta quinta-feira (22). A Pol\u00edcia Militar confirmou que o garoto dirigia irregularmente o carro do pai quando caiu. \u201cO acidente aconteceu na Ponte [&hellip;]<\/p>\n","protected":false},"author":1,"featured_media":21405,"comment_status":"open","ping_status":"open","sticky":false,"template":"","format":"standard","meta":{"beyondwords_generate_audio":"","beyondwords_project_id":"","beyondwords_podcast_id":"","beyondwords_hash":"","beyondwords_error_message":"","beyondwords_disabled":"","publish_post_to_speechkit":"","speechkit_generate_audio":"","speechkit_project_id":"","speechkit_podcast_id":"","speechkit_hash":"","speechkit_error_message":"","speechkit_disabled":"","speechkit_access_key":"","speechkit_error":"","speechkit_info":"","speechkit_response":"","speechkit_retries":"","_speechkit_link":"","_speechkit_text":""},"categories":[51],"tags":[827,180,177,7554,82,738,62,730,122,44,8137,322,731,52,865],"jetpack_featured_media_url":"","_links":{"self":[{"href":"https:\/\/pinews.com.br\/index.php\/wp-json\/wp\/v2\/posts\/21404"}],"collection":[{"href":"https:\/\/pinews.com.br\/index.php\/wp-json\/wp\/v2\/posts"}],"about":[{"href":"https:\/\/pinews.com.br\/index.php\/wp-json\/wp\/v2\/types\/post"}],"author":[{"embeddable":true,"href":"https:\/\/pinews.com.br\/index.php\/wp-json\/wp\/v2\/users\/1"}],"replies":[{"embeddable":true,"href":"https:\/\/pinews.com.br\/index.php\/wp-json\/wp\/v2\/comments?post=21404"}],"version-history":[{"count":0,"href":"https:\/\/pinews.com.br\/index.php\/wp-json\/wp\/v2\/posts\/21404\/revisions"}],"wp:featuredmedia":[{"embeddable":true,"href":"https:\/\/pinews.com.br\/index.php\/wp-json\/"}],"wp:attachment":[{"href":"https:\/\/pinews.com.br\/index.php\/wp-json\/wp\/v2\/media?parent=21404"}],"wp:term":[{"taxonomy":"category","embeddable":true,"href":"https:\/\/pinews.com.br\/index.php\/wp-json\/wp\/v2\/categories?post=21404"},{"taxonomy":"post_tag","embeddable":true,"href":"https:\/\/pinews.com.br\/index.php\/wp-json\/wp\/v2\/tags?post=21404"}],"curies":[{"name":"wp","href":"https:\/\/api.w.org\/{rel}","templated":true}]}}