{"id":21481,"date":"2021-04-25T19:16:06","date_gmt":"2021-04-25T22:16:06","guid":{"rendered":"https:\/\/pinews.com.br\/?p=21481"},"modified":"2021-04-25T19:16:06","modified_gmt":"2021-04-25T22:16:06","slug":"fugitivo-e-recapturado-ao-usar-colete-de-mototaxista-no-piaui","status":"publish","type":"post","link":"https:\/\/pinews.com.br\/index.php\/2021\/04\/25\/fugitivo-e-recapturado-ao-usar-colete-de-mototaxista-no-piaui\/","title":{"rendered":"Fugitivo \u00e9 recapturado ao usar colete de mototaxista no Piau\u00ed"},"content":{"rendered":"\n<p>Dois adolescentes, de 17 e 18 anos, foram apreendidos pela Guarda Civil Municipal (GCM) em uma persegui\u00e7\u00e3o no bairro Pi\u00e7arreira, zona Leste de Teresina. O de menor idade era fugitivo do Centro Educacional Masculino (CEM) na rebeli\u00e3o no \u00faltimo dia 14. Ele usava um colete de mototaxista como disfarce para n\u00e3o levantar suspeita durante os assaltos. <\/p>\n\n\n\n<p>A apreens\u00e3o ocorreu neste s\u00e1bado (24) ap\u00f3s den\u00fancia.&nbsp;<\/p>\n\n\n\n<p>&#8220;Recebemos den\u00fancia de que dois indiv\u00edduos em uma moto vermelha estariam praticando assaltos no bairro S\u00e3o Crist\u00f3v\u00e3o. Um deles, inclusive, com colete de mototaxista. Na avenida Jo\u00e3o Ant\u00f4nio Leit\u00e3o, a guarni\u00e7\u00e3o avistou duas pessoas em uma moto com as mesmas caracter\u00edsticas e fez o acompanhamento. Ao visualizarem a viatura, os dois empreenderam fuga, mas foram alcan\u00e7ados&#8221;, informou o guarda municipal Paulo Cardozo, comando do dia.&nbsp;<\/p>\n\n\n\n<figure class=\"wp-block-image\"><img decoding=\"async\" src=\"https:\/\/cidadeverde.com\/assets\/uploads\/noticias\/9edf8d8f470637dd53aa2899e6eed8cb.jpg\" alt=\"\"\/><figcaption>Foto: divulga\u00e7\u00e3o GCM<\/figcaption><\/figure>\n\n\n\n<p>Com os menores infratores, a GCM apreendeu um rev\u00f3lver calibre 32 com tr\u00eas muni\u00e7\u00f5es intactas.&nbsp;<\/p>\n\n\n\n<p>Os adolescentes, juntamente com a moto e arma apreendidos, foram conduzidos para a Central de Flagrantes de Teresina.<\/p>\n\n\n\n<p><strong>Fonte: Cidade Verde<\/strong><\/p>\n","protected":false},"excerpt":{"rendered":"<p>Dois adolescentes, de 17 e 18 anos, foram apreendidos pela Guarda Civil Municipal (GCM) em uma persegui\u00e7\u00e3o no bairro Pi\u00e7arreira, zona Leste de Teresina. O de menor idade era fugitivo do Centro Educacional Masculino (CEM) na rebeli\u00e3o no \u00faltimo dia 14. Ele usava um colete de mototaxista como disfarce para n\u00e3o levantar suspeita durante os [&hellip;]<\/p>\n","protected":false},"author":1,"featured_media":21482,"comment_status":"open","ping_status":"open","sticky":false,"template":"","format":"standard","meta":{"beyondwords_generate_audio":"","beyondwords_project_id":"","beyondwords_podcast_id":"","beyondwords_hash":"","beyondwords_error_message":"","beyondwords_disabled":"","publish_post_to_speechkit":"","speechkit_generate_audio":"","speechkit_project_id":"","speechkit_podcast_id":"","speechkit_hash":"","speechkit_error_message":"","speechkit_disabled":"","speechkit_access_key":"","speechkit_error":"","speechkit_info":"","speechkit_response":"","speechkit_retries":"","_speechkit_link":"","_speechkit_text":""},"categories":[51,78,81],"tags":[132,7028,44,72,1747,1780,52,8155,447],"jetpack_featured_media_url":"","_links":{"self":[{"href":"https:\/\/pinews.com.br\/index.php\/wp-json\/wp\/v2\/posts\/21481"}],"collection":[{"href":"https:\/\/pinews.com.br\/index.php\/wp-json\/wp\/v2\/posts"}],"about":[{"href":"https:\/\/pinews.com.br\/index.php\/wp-json\/wp\/v2\/types\/post"}],"author":[{"embeddable":true,"href":"https:\/\/pinews.com.br\/index.php\/wp-json\/wp\/v2\/users\/1"}],"replies":[{"embeddable":true,"href":"https:\/\/pinews.com.br\/index.php\/wp-json\/wp\/v2\/comments?post=21481"}],"version-history":[{"count":0,"href":"https:\/\/pinews.com.br\/index.php\/wp-json\/wp\/v2\/posts\/21481\/revisions"}],"wp:featuredmedia":[{"embeddable":true,"href":"https:\/\/pinews.com.br\/index.php\/wp-json\/"}],"wp:attachment":[{"href":"https:\/\/pinews.com.br\/index.php\/wp-json\/wp\/v2\/media?parent=21481"}],"wp:term":[{"taxonomy":"category","embeddable":true,"href":"https:\/\/pinews.com.br\/index.php\/wp-json\/wp\/v2\/categories?post=21481"},{"taxonomy":"post_tag","embeddable":true,"href":"https:\/\/pinews.com.br\/index.php\/wp-json\/wp\/v2\/tags?post=21481"}],"curies":[{"name":"wp","href":"https:\/\/api.w.org\/{rel}","templated":true}]}}