{"id":21541,"date":"2021-04-27T11:32:16","date_gmt":"2021-04-27T14:32:16","guid":{"rendered":"https:\/\/pinews.com.br\/?p=21541"},"modified":"2021-04-27T11:32:16","modified_gmt":"2021-04-27T14:32:16","slug":"justica-bloqueia-r-69-milhoes-da-conta-unica-da-prefeitura-de-teresina","status":"publish","type":"post","link":"https:\/\/pinews.com.br\/index.php\/2021\/04\/27\/justica-bloqueia-r-69-milhoes-da-conta-unica-da-prefeitura-de-teresina\/","title":{"rendered":"Justi\u00e7a bloqueia R$ 6,9 milh\u00f5es da conta \u00fanica da Prefeitura de Teresina"},"content":{"rendered":"\n<p>A Justi\u00e7a determinou o bloqueio de R$ 6,9 milh\u00f5es da conta \u00fanica da Prefeitura de Teresina. De acordo com a decis\u00e3o, o dinheiro bloqueado ser\u00e1 usado para pagamento de precat\u00f3rios da Funda\u00e7\u00e3o Municipal de Sa\u00fade (FMS).<\/p>\n\n\n\n<p>O prefeito Dr. Pessoa afirma que a decis\u00e3o \u00e9 inoportuna diante da situa\u00e7\u00e3o de pandemia. Segundo o prefeito, a Prefeitura recorre da decis\u00e3o.<\/p>\n\n\n\n<p>&#8220;N\u00e3o prejudica o pagamento da folha dos servidores. Mas atinge diretamente a sa\u00fade. Dinheiro usado para comprar equipamentos para UBS e para ajudar no combate a covid-19&#8221;, disse.<\/p>\n\n\n\n<p>O secret\u00e1rio de Finan\u00e7as, Robert Rios, afirma que o dinheiro bloqueado iria ajudar na compra de oxig\u00eanio. Segundo ele, a situa\u00e7\u00e3o pode se agravar na capital.<\/p>\n\n\n\n<p>&#8220;Se come\u00e7ar a falta oxig\u00eanio em Teresina todos saber\u00e3o que se deve a essa decis\u00e3o inoportuna. N\u00e3o questiono o m\u00e9rito da decis\u00e3o, mas o momento extremamente inoportuno. Oxig\u00eanio se compra com dinheiro \u00e0 vista. Eles n\u00e3o aceitam fiado&#8221;, afirma.<\/p>\n\n\n\n<p><strong>Fonte: Flash de L\u00eddia Brito\/ Cidade Verde<\/strong><\/p>\n","protected":false},"excerpt":{"rendered":"<p>A Justi\u00e7a determinou o bloqueio de R$ 6,9 milh\u00f5es da conta \u00fanica da Prefeitura de Teresina. De acordo com a decis\u00e3o, o dinheiro bloqueado ser\u00e1 usado para pagamento de precat\u00f3rios da Funda\u00e7\u00e3o Municipal de Sa\u00fade (FMS). O prefeito Dr. Pessoa afirma que a decis\u00e3o \u00e9 inoportuna diante da situa\u00e7\u00e3o de pandemia. Segundo o prefeito, a [&hellip;]<\/p>\n","protected":false},"author":1,"featured_media":21542,"comment_status":"open","ping_status":"open","sticky":false,"template":"","format":"standard","meta":{"beyondwords_generate_audio":"","beyondwords_project_id":"","beyondwords_podcast_id":"","beyondwords_hash":"","beyondwords_error_message":"","beyondwords_disabled":"","publish_post_to_speechkit":"","speechkit_generate_audio":"","speechkit_project_id":"","speechkit_podcast_id":"","speechkit_hash":"","speechkit_error_message":"","speechkit_disabled":"","speechkit_access_key":"","speechkit_error":"","speechkit_info":"","speechkit_response":"","speechkit_retries":"","_speechkit_link":"","_speechkit_text":""},"categories":[51,81],"tags":[7906,8161,6395,122,44,1097,2331,917,187,7135],"jetpack_featured_media_url":"","_links":{"self":[{"href":"https:\/\/pinews.com.br\/index.php\/wp-json\/wp\/v2\/posts\/21541"}],"collection":[{"href":"https:\/\/pinews.com.br\/index.php\/wp-json\/wp\/v2\/posts"}],"about":[{"href":"https:\/\/pinews.com.br\/index.php\/wp-json\/wp\/v2\/types\/post"}],"author":[{"embeddable":true,"href":"https:\/\/pinews.com.br\/index.php\/wp-json\/wp\/v2\/users\/1"}],"replies":[{"embeddable":true,"href":"https:\/\/pinews.com.br\/index.php\/wp-json\/wp\/v2\/comments?post=21541"}],"version-history":[{"count":0,"href":"https:\/\/pinews.com.br\/index.php\/wp-json\/wp\/v2\/posts\/21541\/revisions"}],"wp:featuredmedia":[{"embeddable":true,"href":"https:\/\/pinews.com.br\/index.php\/wp-json\/"}],"wp:attachment":[{"href":"https:\/\/pinews.com.br\/index.php\/wp-json\/wp\/v2\/media?parent=21541"}],"wp:term":[{"taxonomy":"category","embeddable":true,"href":"https:\/\/pinews.com.br\/index.php\/wp-json\/wp\/v2\/categories?post=21541"},{"taxonomy":"post_tag","embeddable":true,"href":"https:\/\/pinews.com.br\/index.php\/wp-json\/wp\/v2\/tags?post=21541"}],"curies":[{"name":"wp","href":"https:\/\/api.w.org\/{rel}","templated":true}]}}