{"id":21570,"date":"2021-04-27T19:31:43","date_gmt":"2021-04-27T22:31:43","guid":{"rendered":"https:\/\/pinews.com.br\/?p=21570"},"modified":"2021-04-27T19:31:43","modified_gmt":"2021-04-27T22:31:43","slug":"governo-preve-imunizar-pessoas-com-comorbidades-ate-maio","status":"publish","type":"post","link":"https:\/\/pinews.com.br\/index.php\/2021\/04\/27\/governo-preve-imunizar-pessoas-com-comorbidades-ate-maio\/","title":{"rendered":"Governo prev\u00ea imunizar pessoas com comorbidades at\u00e9 maio"},"content":{"rendered":"\n<p>Em nova etapa da campanha nacional de imuniza\u00e7\u00e3o contra a covid-19, o Minist\u00e9rio da Sa\u00fade prev\u00ea aplicar, at\u00e9 o fim de maio, pelo menos a primeira dose da vacina em pessoas com doen\u00e7as pr\u00e9vias como diabetes e hipertens\u00e3o, defici\u00eancia permanente, gestantes e pu\u00e9rperas. Dentro deste grupo, a orienta\u00e7\u00e3o do governo federal \u00e9 priorizar a imuniza\u00e7\u00e3o das pessoas com s\u00edndrome de down; doen\u00e7a renal que fazem di\u00e1lise; com defici\u00eancia permanente (de 55 a 59 anos e cadastradas no Programa de Benef\u00edcio de Presta\u00e7\u00e3o Continuada); com comorbidades (de 55 a 59 anos), al\u00e9m de gestantes e pu\u00e9rperas com comorbidades. Em uma segunda etapa, a recomenda\u00e7\u00e3o \u00e9 imunizar pessoas mais jovens que apresentam estas mesmas condi\u00e7\u00f5es.<\/p>\n\n\n\n<p>Esses grupos j\u00e1 estavam previstos no plano de vacina\u00e7\u00e3o para a covid-19, mas sem o detalhamento de prazos e a ordem de prioridades. Antes, o governo enviou doses para a imuniza\u00e7\u00e3o de grupos como trabalhadores da sa\u00fade, pessoas com mais de 60 anos, povos ind\u00edgenas, al\u00e9m de parte das for\u00e7as de seguran\u00e7a, salvamento e For\u00e7as Armadas.<\/p>\n\n\n\n<p>Em nota t\u00e9cnica, o minist\u00e9rio prev\u00ea que os novos grupos ser\u00e3o vacinados at\u00e9 o fim de maio, mas pondera que esta programa\u00e7\u00e3o est\u00e1 &#8220;sujeita a altera\u00e7\u00f5es a depender da entrega efetiva de vacinas&#8221;. Estados e munic\u00edpios podem alterar a ordem de vacina\u00e7\u00e3o, mas a Sa\u00fade alerta que \u00e9 importante destinar doses aos grupos determinados no plano nacional.<\/p>\n\n\n\n<p>O minist\u00e9rio estima que mais de 25 milh\u00f5es de pessoas ser\u00e3o vacinadas nesta nova etapa. Trata-se do grupo mais volumoso previsto no plano nacional de vacina\u00e7\u00e3o contra a covid-19. At\u00e9 agora, a Sa\u00fade afirma que pelo menos 27,45 milh\u00f5es de pessoas j\u00e1 receberam ao menos a primeira dose do imunizante no Pa\u00eds.<\/p>\n\n\n\n<p>Segundo edi\u00e7\u00e3o mais recente do plano nacional de vacina\u00e7\u00e3o da covid-19, de 15 de mar\u00e7o, s\u00e3o consideradas doen\u00e7as pr\u00e9-existentes que podem agravar a covid-19 (comorbidades) a diabetes; hipertens\u00e3o arterial resistente e doen\u00e7as cardiovasculares. Tamb\u00e9m s\u00e3o prioridades nestes grupos os pacientes com doen\u00e7a cerebrovascular; doen\u00e7a renal cr\u00f4nica; anemia falciforme; obesidade m\u00f3rbida; s\u00edndrome de down; cirrose hep\u00e1tica e imunossuprimidos (incluindo pessoas que vivem com o HIV).<\/p>\n\n\n\n<p>Em reuni\u00e3o no Senado, na segunda-feira, 26, o secret\u00e1rio-executivo da Sa\u00fade, Rodrigo Cruz, disse que todos os grupos priorit\u00e1rios devem receber pelo menos a primeira dose da vacina at\u00e9 a primeira quinzena de junho. A partir desta data, pessoas de fora da lista de prioridades do plano nacional de vacina\u00e7\u00e3o poderiam receber os imunizantes. Em setembro, todos os grupos priorit\u00e1rios j\u00e1 teriam recebido a segunda dose, disse Cruz.<\/p>\n\n\n\n<p><strong>Fonte: Estad\u00e3o Conte\u00fado<\/strong><\/p>\n","protected":false},"excerpt":{"rendered":"<p>Em nova etapa da campanha nacional de imuniza\u00e7\u00e3o contra a covid-19, o Minist\u00e9rio da Sa\u00fade prev\u00ea aplicar, at\u00e9 o fim de maio, pelo menos a primeira dose da vacina em pessoas com doen\u00e7as pr\u00e9vias como diabetes e hipertens\u00e3o, defici\u00eancia permanente, gestantes e pu\u00e9rperas. Dentro deste grupo, a orienta\u00e7\u00e3o do governo federal \u00e9 priorizar a imuniza\u00e7\u00e3o [&hellip;]<\/p>\n","protected":false},"author":1,"featured_media":18710,"comment_status":"open","ping_status":"open","sticky":false,"template":"","format":"standard","meta":{"beyondwords_generate_audio":"","beyondwords_project_id":"","beyondwords_podcast_id":"","beyondwords_hash":"","beyondwords_error_message":"","beyondwords_disabled":"","publish_post_to_speechkit":"","speechkit_generate_audio":"","speechkit_project_id":"","speechkit_podcast_id":"","speechkit_hash":"","speechkit_error_message":"","speechkit_disabled":"","speechkit_access_key":"","speechkit_error":"","speechkit_info":"","speechkit_response":"","speechkit_retries":"","_speechkit_link":"","_speechkit_text":""},"categories":[134,1288],"tags":[815,7893,458,8163,517,259,694],"jetpack_featured_media_url":"","_links":{"self":[{"href":"https:\/\/pinews.com.br\/index.php\/wp-json\/wp\/v2\/posts\/21570"}],"collection":[{"href":"https:\/\/pinews.com.br\/index.php\/wp-json\/wp\/v2\/posts"}],"about":[{"href":"https:\/\/pinews.com.br\/index.php\/wp-json\/wp\/v2\/types\/post"}],"author":[{"embeddable":true,"href":"https:\/\/pinews.com.br\/index.php\/wp-json\/wp\/v2\/users\/1"}],"replies":[{"embeddable":true,"href":"https:\/\/pinews.com.br\/index.php\/wp-json\/wp\/v2\/comments?post=21570"}],"version-history":[{"count":0,"href":"https:\/\/pinews.com.br\/index.php\/wp-json\/wp\/v2\/posts\/21570\/revisions"}],"wp:featuredmedia":[{"embeddable":true,"href":"https:\/\/pinews.com.br\/index.php\/wp-json\/"}],"wp:attachment":[{"href":"https:\/\/pinews.com.br\/index.php\/wp-json\/wp\/v2\/media?parent=21570"}],"wp:term":[{"taxonomy":"category","embeddable":true,"href":"https:\/\/pinews.com.br\/index.php\/wp-json\/wp\/v2\/categories?post=21570"},{"taxonomy":"post_tag","embeddable":true,"href":"https:\/\/pinews.com.br\/index.php\/wp-json\/wp\/v2\/tags?post=21570"}],"curies":[{"name":"wp","href":"https:\/\/api.w.org\/{rel}","templated":true}]}}