{"id":21640,"date":"2021-04-28T19:32:07","date_gmt":"2021-04-28T22:32:07","guid":{"rendered":"https:\/\/pinews.com.br\/?p=21640"},"modified":"2021-04-28T19:32:07","modified_gmt":"2021-04-28T22:32:07","slug":"bombeiros-resgatam-homem-que-caiu-em-poco-de-20-metros-de-profundidade-no-piaui","status":"publish","type":"post","link":"https:\/\/pinews.com.br\/index.php\/2021\/04\/28\/bombeiros-resgatam-homem-que-caiu-em-poco-de-20-metros-de-profundidade-no-piaui\/","title":{"rendered":"Bombeiros resgatam homem que caiu em po\u00e7o de 20 metros de profundidade no Piau\u00ed"},"content":{"rendered":"\n<p>O Corpo de Bombeiros de Parna\u00edba resgataram nesta quarta-feira (28) um lavrador identificado como Jos\u00e9 Ant\u00f4nio, de 54 anos, que caiu em um po\u00e7o de 20 metros de profundidade, no munic\u00edpio de Lu\u00eds Correia, Litoral do Piau\u00ed. Na queda, o homem quebrou o bra\u00e7o direito.<\/p>\n\n\n\n<p>Segundo o major Jullierme Cristian, comandante do Corpo de Bombeiros de Parna\u00edba, o acidente aconteceu enquanto o homem, suspenso por uma corda, fazia a limpeza do reservat\u00f3rio seco e a corda rompeu. O lavrador caiu violentamento no fundo do po\u00e7o e fraturou o bra\u00e7o direito.<\/p>\n\n\n\n<figure class=\"wp-block-image\"><img decoding=\"async\" src=\"https:\/\/s02.video.glbimg.com\/x240\/9472693.jpg\" alt=\"Homem \u00e9 resgatado ap\u00f3s cair em po\u00e7o de 20 metros em Lu\u00eds Correia\" title=\"Homem \u00e9 resgatado ap\u00f3s cair em po\u00e7o de 20 metros em Lu\u00eds Correia\"\/><figcaption>Homem \u00e9 resgatado ap\u00f3s cair em po\u00e7o de 20 metros em Lu\u00eds Correia\/ Reprodu\u00e7\u00e3o<\/figcaption><\/figure>\n\n\n\n<p>Ap\u00f3s o resgate, o homem foi atendido pelo Sistema de Atendimento M\u00f3vel de Urg\u00eancia (Samu) ainda no local. Em seguida, ele foi encaminhado para o Hospital Regional Dirceu Arcoverde (Heda).<\/p>\n\n\n\n<p><strong>Fonte: G1 PI<\/strong><\/p>\n","protected":false},"excerpt":{"rendered":"<p>O Corpo de Bombeiros de Parna\u00edba resgataram nesta quarta-feira (28) um lavrador identificado como Jos\u00e9 Ant\u00f4nio, de 54 anos, que caiu em um po\u00e7o de 20 metros de profundidade, no munic\u00edpio de Lu\u00eds Correia, Litoral do Piau\u00ed. Na queda, o homem quebrou o bra\u00e7o direito. Segundo o major Jullierme Cristian, comandante do Corpo de Bombeiros [&hellip;]<\/p>\n","protected":false},"author":1,"featured_media":21641,"comment_status":"open","ping_status":"open","sticky":false,"template":"","format":"standard","meta":{"beyondwords_generate_audio":"","beyondwords_project_id":"","beyondwords_podcast_id":"","beyondwords_hash":"","beyondwords_error_message":"","beyondwords_disabled":"","publish_post_to_speechkit":"","speechkit_generate_audio":"","speechkit_project_id":"","speechkit_podcast_id":"","speechkit_hash":"","speechkit_error_message":"","speechkit_disabled":"","speechkit_access_key":"","speechkit_error":"","speechkit_info":"","speechkit_response":"","speechkit_retries":"","_speechkit_link":"","_speechkit_text":""},"categories":[51],"tags":[208,1082,7927,44,46,84,322,52,4822,8176,8177],"jetpack_featured_media_url":"","_links":{"self":[{"href":"https:\/\/pinews.com.br\/index.php\/wp-json\/wp\/v2\/posts\/21640"}],"collection":[{"href":"https:\/\/pinews.com.br\/index.php\/wp-json\/wp\/v2\/posts"}],"about":[{"href":"https:\/\/pinews.com.br\/index.php\/wp-json\/wp\/v2\/types\/post"}],"author":[{"embeddable":true,"href":"https:\/\/pinews.com.br\/index.php\/wp-json\/wp\/v2\/users\/1"}],"replies":[{"embeddable":true,"href":"https:\/\/pinews.com.br\/index.php\/wp-json\/wp\/v2\/comments?post=21640"}],"version-history":[{"count":0,"href":"https:\/\/pinews.com.br\/index.php\/wp-json\/wp\/v2\/posts\/21640\/revisions"}],"wp:featuredmedia":[{"embeddable":true,"href":"https:\/\/pinews.com.br\/index.php\/wp-json\/"}],"wp:attachment":[{"href":"https:\/\/pinews.com.br\/index.php\/wp-json\/wp\/v2\/media?parent=21640"}],"wp:term":[{"taxonomy":"category","embeddable":true,"href":"https:\/\/pinews.com.br\/index.php\/wp-json\/wp\/v2\/categories?post=21640"},{"taxonomy":"post_tag","embeddable":true,"href":"https:\/\/pinews.com.br\/index.php\/wp-json\/wp\/v2\/tags?post=21640"}],"curies":[{"name":"wp","href":"https:\/\/api.w.org\/{rel}","templated":true}]}}