{"id":21647,"date":"2021-04-28T19:38:03","date_gmt":"2021-04-28T22:38:03","guid":{"rendered":"https:\/\/pinews.com.br\/?p=21647"},"modified":"2021-04-28T19:38:03","modified_gmt":"2021-04-28T22:38:03","slug":"mulher-e-assassinada-em-bar-com-tiro-na-regiao-da-cabeca-no-piaui","status":"publish","type":"post","link":"https:\/\/pinews.com.br\/index.php\/2021\/04\/28\/mulher-e-assassinada-em-bar-com-tiro-na-regiao-da-cabeca-no-piaui\/","title":{"rendered":"Mulher \u00e9 assassinada em bar com tiro na regi\u00e3o da cabe\u00e7a no Piau\u00ed"},"content":{"rendered":"\n<p>Uma mulher identificada como Vera Alice Ferreira dos Santos, 51 anos, foi assassinada com um tiro na regi\u00e3o da cabe\u00e7a em um bar na zona rural de Corrente, no interior do Piau\u00ed. O crime ocorreu por volta de 1h30, desta quarta-feira (28). A motiva\u00e7\u00e3o ainda \u00e9 desconhecida.&nbsp;<\/p>\n\n\n\n<p>&#8220;Ela estava no bar com outros familiares como \u00e9 de costume na cidade. Como o autor \u00e9 desconhecido, ainda n\u00e3o sabemos se ela foi v\u00edtima de bala perdida ou se tinha algum desafeto, por exemplo&#8221;, explica o soldado Milane Cunha, Rela\u00e7\u00f5es P\u00fablicas do 7\u00ba Batalh\u00e3o da Pol\u00edcia Militar.<\/p>\n\n\n\n<p>Testemunhas contaram que o disparo partiu de um matagal, mas n\u00e3o foi poss\u00edvel identificar o suspeito.<\/p>\n\n\n\n<p>&#8220;Familiares ainda sa\u00edram correndo atr\u00e1s do suspeito, mas ele fugiu pelo mato, n\u00e3o sendo poss\u00edvel a identifica\u00e7\u00e3o, pois al\u00e9m do matagal, estava muito escuro. A guarni\u00e7\u00e3o da 1CIA e For\u00e7a T\u00e1tica foram ao local, fizeram rondas, mas n\u00e3o tiveram outras informa\u00e7\u00f5es da identidade e localiza\u00e7\u00e3o do suspeito&#8221;, informou a militar.&nbsp;<\/p>\n\n\n\n<p>O caso segue em investiga\u00e7\u00e3o pela Pol\u00edcia Civil do Piau\u00ed.&nbsp;<\/p>\n\n\n\n<p><br><strong>Fonte: Graciane Sousa\/ Cidade Verde<\/strong><\/p>\n","protected":false},"excerpt":{"rendered":"<p>Uma mulher identificada como Vera Alice Ferreira dos Santos, 51 anos, foi assassinada com um tiro na regi\u00e3o da cabe\u00e7a em um bar na zona rural de Corrente, no interior do Piau\u00ed. O crime ocorreu por volta de 1h30, desta quarta-feira (28). A motiva\u00e7\u00e3o ainda \u00e9 desconhecida.&nbsp; &#8220;Ela estava no bar com outros familiares como [&hellip;]<\/p>\n","protected":false},"author":1,"featured_media":12158,"comment_status":"open","ping_status":"open","sticky":false,"template":"","format":"standard","meta":{"beyondwords_generate_audio":"","beyondwords_project_id":"","beyondwords_podcast_id":"","beyondwords_hash":"","beyondwords_error_message":"","beyondwords_disabled":"","publish_post_to_speechkit":"","speechkit_generate_audio":"","speechkit_project_id":"","speechkit_podcast_id":"","speechkit_hash":"","speechkit_error_message":"","speechkit_disabled":"","speechkit_access_key":"","speechkit_error":"","speechkit_info":"","speechkit_response":"","speechkit_retries":"","_speechkit_link":"","_speechkit_text":""},"categories":[51,78],"tags":[707,1165,750,122,72,46,135,91,52,203,527],"jetpack_featured_media_url":"","_links":{"self":[{"href":"https:\/\/pinews.com.br\/index.php\/wp-json\/wp\/v2\/posts\/21647"}],"collection":[{"href":"https:\/\/pinews.com.br\/index.php\/wp-json\/wp\/v2\/posts"}],"about":[{"href":"https:\/\/pinews.com.br\/index.php\/wp-json\/wp\/v2\/types\/post"}],"author":[{"embeddable":true,"href":"https:\/\/pinews.com.br\/index.php\/wp-json\/wp\/v2\/users\/1"}],"replies":[{"embeddable":true,"href":"https:\/\/pinews.com.br\/index.php\/wp-json\/wp\/v2\/comments?post=21647"}],"version-history":[{"count":0,"href":"https:\/\/pinews.com.br\/index.php\/wp-json\/wp\/v2\/posts\/21647\/revisions"}],"wp:featuredmedia":[{"embeddable":true,"href":"https:\/\/pinews.com.br\/index.php\/wp-json\/"}],"wp:attachment":[{"href":"https:\/\/pinews.com.br\/index.php\/wp-json\/wp\/v2\/media?parent=21647"}],"wp:term":[{"taxonomy":"category","embeddable":true,"href":"https:\/\/pinews.com.br\/index.php\/wp-json\/wp\/v2\/categories?post=21647"},{"taxonomy":"post_tag","embeddable":true,"href":"https:\/\/pinews.com.br\/index.php\/wp-json\/wp\/v2\/tags?post=21647"}],"curies":[{"name":"wp","href":"https:\/\/api.w.org\/{rel}","templated":true}]}}