{"id":21813,"date":"2021-05-01T19:13:47","date_gmt":"2021-05-01T22:13:47","guid":{"rendered":"https:\/\/pinews.com.br\/?p=21813"},"modified":"2021-05-01T19:13:47","modified_gmt":"2021-05-01T22:13:47","slug":"carro-de-gerente-de-penitenciaria-no-piaui-e-alvo-de-tiros-policia-investiga-caso","status":"publish","type":"post","link":"https:\/\/pinews.com.br\/index.php\/2021\/05\/01\/carro-de-gerente-de-penitenciaria-no-piaui-e-alvo-de-tiros-policia-investiga-caso\/","title":{"rendered":"Carro de gerente de penitenci\u00e1ria no Piau\u00ed \u00e9 alvo de tiros; pol\u00edcia investiga caso"},"content":{"rendered":"\n<p>O carro do gerente da Penitenci\u00e1ria Mista Juiz Fontes Ibiapina, Lauro Pio, foi alvo de tiros na noite dessa sexta-feira (30) na Rua Dirceu Arcoverde, em Parna\u00edba, Norte do Piau\u00ed. O caso foi registrado na delegacia e a Pol\u00edcia Civil vai investigar.<\/p>\n\n\n\n<p>O gerente, em contato com a TV Clube, informou que n\u00e3o chegou a ser abordado e que ve\u00edculo foi atingido por tr\u00eas disparos de arma de fogo, um no pneu e dois em uma das portas.<\/p>\n\n\n\n<p>Os policiais realizaram dilig\u00eancias afim de localizar os criminosos, por\u00e9m n\u00e3o obtiveram \u00eaxito. A per\u00edcia ainda ser\u00e1 feita no carro.<\/p>\n\n\n\n<p>Em nota, a Secretaria de Justi\u00e7a do Piau\u00ed (Sejus) comunicou que est\u00e3o sendo adotadas provid\u00eancias para a resolu\u00e7\u00e3o do caso.&nbsp;<strong><em>Confira:<\/em><\/strong><\/p>\n\n\n\n<p><em>A Secretaria de Estado da Justi\u00e7a do Piau\u00ed informa que, acerca da ocorr\u00eancia policial envolvendo o gerente adjunto da Penitenci\u00e1ria Mista Juiz Fontes Ibiapina, em Parna\u00edba, ocorrida na \u00faltima sexta-feira (30), est\u00e3o sendo adotadas todas as provid\u00eancias cab\u00edveis que o fato requer. A diretoria de intelig\u00eancia da Sejus, juntamente com a Pol\u00edcia Civil, est\u00e1 trabalhando para elucida\u00e7\u00e3o do crime e responsabiliza\u00e7\u00e3o dos autores.<\/em><\/p>\n\n\n\n<p><strong>Fonte: G1 PI<\/strong><\/p>\n","protected":false},"excerpt":{"rendered":"<p>O carro do gerente da Penitenci\u00e1ria Mista Juiz Fontes Ibiapina, Lauro Pio, foi alvo de tiros na noite dessa sexta-feira (30) na Rua Dirceu Arcoverde, em Parna\u00edba, Norte do Piau\u00ed. O caso foi registrado na delegacia e a Pol\u00edcia Civil vai investigar. O gerente, em contato com a TV Clube, informou que n\u00e3o chegou a [&hellip;]<\/p>\n","protected":false},"author":1,"featured_media":21814,"comment_status":"open","ping_status":"open","sticky":false,"template":"","format":"standard","meta":{"beyondwords_generate_audio":"","beyondwords_project_id":"","beyondwords_podcast_id":"","beyondwords_hash":"","beyondwords_error_message":"","beyondwords_disabled":"","publish_post_to_speechkit":"","speechkit_generate_audio":"","speechkit_project_id":"","speechkit_podcast_id":"","speechkit_hash":"","speechkit_error_message":"","speechkit_disabled":"","speechkit_access_key":"","speechkit_error":"","speechkit_info":"","speechkit_response":"","speechkit_retries":"","_speechkit_link":"","_speechkit_text":""},"categories":[51,78],"tags":[5959,62,1124,44,72,4960,821,1417,52,466,165],"jetpack_featured_media_url":"","_links":{"self":[{"href":"https:\/\/pinews.com.br\/index.php\/wp-json\/wp\/v2\/posts\/21813"}],"collection":[{"href":"https:\/\/pinews.com.br\/index.php\/wp-json\/wp\/v2\/posts"}],"about":[{"href":"https:\/\/pinews.com.br\/index.php\/wp-json\/wp\/v2\/types\/post"}],"author":[{"embeddable":true,"href":"https:\/\/pinews.com.br\/index.php\/wp-json\/wp\/v2\/users\/1"}],"replies":[{"embeddable":true,"href":"https:\/\/pinews.com.br\/index.php\/wp-json\/wp\/v2\/comments?post=21813"}],"version-history":[{"count":0,"href":"https:\/\/pinews.com.br\/index.php\/wp-json\/wp\/v2\/posts\/21813\/revisions"}],"wp:featuredmedia":[{"embeddable":true,"href":"https:\/\/pinews.com.br\/index.php\/wp-json\/"}],"wp:attachment":[{"href":"https:\/\/pinews.com.br\/index.php\/wp-json\/wp\/v2\/media?parent=21813"}],"wp:term":[{"taxonomy":"category","embeddable":true,"href":"https:\/\/pinews.com.br\/index.php\/wp-json\/wp\/v2\/categories?post=21813"},{"taxonomy":"post_tag","embeddable":true,"href":"https:\/\/pinews.com.br\/index.php\/wp-json\/wp\/v2\/tags?post=21813"}],"curies":[{"name":"wp","href":"https:\/\/api.w.org\/{rel}","templated":true}]}}