{"id":21817,"date":"2021-05-01T19:17:10","date_gmt":"2021-05-01T22:17:10","guid":{"rendered":"https:\/\/pinews.com.br\/?p=21817"},"modified":"2021-05-01T19:17:10","modified_gmt":"2021-05-01T22:17:10","slug":"com-bandeira-vermelha-1-conta-de-luz-ficara-mais-cara-em-maio","status":"publish","type":"post","link":"https:\/\/pinews.com.br\/index.php\/2021\/05\/01\/com-bandeira-vermelha-1-conta-de-luz-ficara-mais-cara-em-maio\/","title":{"rendered":"Com bandeira vermelha 1, conta de luz ficar\u00e1 mais cara em maio"},"content":{"rendered":"\n<p>A Ag\u00eancia Nacional de Energia El\u00e9trica (Aneel) informou nesta sexta-feira, 30, que acionar\u00e1 bandeira vermelha em seu primeiro patamar no m\u00eas de maio. Com isso, a conta de luz dos consumidores ficar\u00e1 mais cara a partir do pr\u00f3ximo m\u00eas, com cobran\u00e7a de taxa adicional de R$ 4,169 a cada 100 quilowatts-hora (kWh) consumidos.<\/p>\n\n\n\n<p>Desde janeiro, vigorou a bandeira amarela, cuja cobran\u00e7a \u00e9 de R$ 1,343 a cada 100 kWh. Em nota, a ag\u00eancia explicou que o m\u00eas de abril marcou o fim do per\u00edodo de transi\u00e7\u00e3o entre as esta\u00e7\u00f5es de chuva e seca nas principais bacias hidrogr\u00e1ficas do sistema el\u00e9trico. O n\u00edvel dos reservat\u00f3rios \u00e9 o pior j\u00e1 registrado, desde 1931.<\/p>\n\n\n\n<p>&#8220;Em maio, inicia-se o per\u00edodo seco, com os principais reservat\u00f3rios apresentando estoques reduzidos para essa \u00e9poca do ano&#8221;, diz a nota. O cen\u00e1rio, segundo a ag\u00eancia, sinaliza piores condi\u00e7\u00f5es para gera\u00e7\u00e3o de energia hidrel\u00e9trica e a maior necessidade de acionar usinas t\u00e9rmicas, que geram energia mais cara.<\/p>\n\n\n\n<p>O sistema de bandeiras tarif\u00e1rias foi criado em 2015 para sinalizar ao consumidor o custo da gera\u00e7\u00e3o de energia el\u00e9trica no Pa\u00eds. Na pr\u00e1tica, as cores e modalidades &#8211; verde, amarela ou vermelha- indicam se haver\u00e1 ou n\u00e3o cobran\u00e7a extra nas contas de luz.<\/p>\n\n\n\n<p>A bandeira verde, quando n\u00e3o h\u00e1 cobran\u00e7a adicional, significa que o custo para produzir energia est\u00e1 baixo. O acionamento das bandeiras amarela e vermelha representa um aumento no custo da gera\u00e7\u00e3o e a necessidade de acionamento de t\u00e9rmicas, o que est\u00e1 ligado principalmente ao volume dos reservat\u00f3rios e das chuvas.<\/p>\n\n\n\n<p><strong>Novos valores<\/strong><\/p>\n\n\n\n<p>Em mar\u00e7o, a ag\u00eancia reguladora prop\u00f4s novos valores para as bandeiras tarif\u00e1rias. Pela proposta, as taxas cobradas na bandeira vermelha ir\u00e3o aumentar. No patamar 1, a taxa adicional pode subir de R$ 4,169 a cada 100 quilowatts-hora (kWh) consumidos para R$ 4,599 &#8211; aumento de 10%. No patamar 2, o mais caro do sistema, o reajuste pode chegar a 21%, passando de R$ 6,243 a cada 100 kWh para R$ 7,571.<\/p>\n\n\n\n<p>No caso da bandeira amarela, a previs\u00e3o \u00e9 de redu\u00e7\u00e3o de 26% no valor. A cobran\u00e7a passaria de R$ 1,343 a cada 100 kWh para R$ 0,996. A proposta ficar\u00e1 em consulta p\u00fablica at\u00e9 7 de maio e poder\u00e1 ser modificada. Ap\u00f3s essa fase, a diretoria votar\u00e1 uma proposta final e estabelecer\u00e1 os novos valores a serem pagos pelos consumidores de todo o Pa\u00eds.<\/p>\n\n\n\n<p><strong>Fonte: Estad\u00e3o Conte\u00fado<\/strong><\/p>\n","protected":false},"excerpt":{"rendered":"<p>A Ag\u00eancia Nacional de Energia El\u00e9trica (Aneel) informou nesta sexta-feira, 30, que acionar\u00e1 bandeira vermelha em seu primeiro patamar no m\u00eas de maio. Com isso, a conta de luz dos consumidores ficar\u00e1 mais cara a partir do pr\u00f3ximo m\u00eas, com cobran\u00e7a de taxa adicional de R$ 4,169 a cada 100 quilowatts-hora (kWh) consumidos. Desde janeiro, [&hellip;]<\/p>\n","protected":false},"author":1,"featured_media":21818,"comment_status":"open","ping_status":"open","sticky":false,"template":"","format":"standard","meta":{"beyondwords_generate_audio":"","beyondwords_project_id":"","beyondwords_podcast_id":"","beyondwords_hash":"","beyondwords_error_message":"","beyondwords_disabled":"","publish_post_to_speechkit":"","speechkit_generate_audio":"","speechkit_project_id":"","speechkit_podcast_id":"","speechkit_hash":"","speechkit_error_message":"","speechkit_disabled":"","speechkit_access_key":"","speechkit_error":"","speechkit_info":"","speechkit_response":"","speechkit_retries":"","_speechkit_link":"","_speechkit_text":""},"categories":[516,134],"tags":[7401,6807,6395,44,46,8206,5792,517,76,8207],"jetpack_featured_media_url":"","_links":{"self":[{"href":"https:\/\/pinews.com.br\/index.php\/wp-json\/wp\/v2\/posts\/21817"}],"collection":[{"href":"https:\/\/pinews.com.br\/index.php\/wp-json\/wp\/v2\/posts"}],"about":[{"href":"https:\/\/pinews.com.br\/index.php\/wp-json\/wp\/v2\/types\/post"}],"author":[{"embeddable":true,"href":"https:\/\/pinews.com.br\/index.php\/wp-json\/wp\/v2\/users\/1"}],"replies":[{"embeddable":true,"href":"https:\/\/pinews.com.br\/index.php\/wp-json\/wp\/v2\/comments?post=21817"}],"version-history":[{"count":0,"href":"https:\/\/pinews.com.br\/index.php\/wp-json\/wp\/v2\/posts\/21817\/revisions"}],"wp:featuredmedia":[{"embeddable":true,"href":"https:\/\/pinews.com.br\/index.php\/wp-json\/"}],"wp:attachment":[{"href":"https:\/\/pinews.com.br\/index.php\/wp-json\/wp\/v2\/media?parent=21817"}],"wp:term":[{"taxonomy":"category","embeddable":true,"href":"https:\/\/pinews.com.br\/index.php\/wp-json\/wp\/v2\/categories?post=21817"},{"taxonomy":"post_tag","embeddable":true,"href":"https:\/\/pinews.com.br\/index.php\/wp-json\/wp\/v2\/tags?post=21817"}],"curies":[{"name":"wp","href":"https:\/\/api.w.org\/{rel}","templated":true}]}}