{"id":21829,"date":"2021-05-02T12:02:35","date_gmt":"2021-05-02T15:02:35","guid":{"rendered":"https:\/\/pinews.com.br\/?p=21829"},"modified":"2023-05-12T23:06:12","modified_gmt":"2023-05-13T02:06:12","slug":"jovens-cantoras-piauienses-vencem-concurso-promovido-pela-cantora-marilia-mendonca","status":"publish","type":"post","link":"https:\/\/pinews.com.br\/index.php\/2021\/05\/02\/jovens-cantoras-piauienses-vencem-concurso-promovido-pela-cantora-marilia-mendonca\/","title":{"rendered":"Jovens cantoras piauienses vencem concurso promovido pela cantora Mar\u00edlia Mendon\u00e7a"},"content":{"rendered":"\n<p>As jovens cantoras Railena Show, de 11 anos, e Regina Lopes, de 13 anos, naturais de&nbsp;Teresina, capital do Piau\u00ed, venceram o concurso promovido pela cantora Mar\u00edlia Mendon\u00e7a. O desafio era gravar a melhor vers\u00e3o de &#8216;Troca de Cal\u00e7ada&#8217;, novo sucesso da artista nacional.<\/p>\n\n\n\n<p>No concurso da cantora Mar\u00edlia Mendon\u00e7a, o terceiro lugar levou um brinde surpresa, o segundo lugar um viol\u00e3o autografado e as vencedoras conseguiram&nbsp;a visibilidade do perfil oficial da cantora, onde foi publicado o v\u00eddeo feito por Railena e Regina.<\/p>\n\n\n\n<p>Regina Lopes canta desde os 6 anos, e em 2015 come\u00e7ou a acompanhar a carreira da sua artista inspira\u00e7\u00e3o, Mar\u00edlia Mendon\u00e7a.<\/p>\n\n\n\n<blockquote class=\"wp-block-quote\">\n<p>&#8220;Quando a Mar\u00edlia me repostou no story, dizendo que ganhamos, comecei a chorar, fiquei feliz&#8230; N\u00e3o sei nem explicar a minha felicidade na hora. E fiquei muito feliz que eu e minha amiga Railena est\u00e1vamos representando nosso Piau\u00ed&#8221;, contou Regina.<\/p>\n<\/blockquote>\n\n\n\n<h2>Apoio da fam\u00edlia<\/h2>\n\n\n\n<p>A m\u00e3e de Regina, Teresa Lopes, disse ao&nbsp;<strong>G1&nbsp;<\/strong>que viu um story da cantora Mar\u00edlia no dia 26 de mar\u00e7o e logo incentivou a parceria das meninas para se inscreverem. Segundo Regina, o estilo com teclado adotado pelas cantoras mirins foi em homenagem ao cantor&nbsp;Paulynho Paix\u00e3o, que faleceu em abril do 2020.<\/p>\n\n\n\n<figure class=\"wp-block-image\"><img decoding=\"async\" src=\"https:\/\/s2.glbimg.com\/ammWo2ddvyX_5UmmpcPld1PrtAw=\/0x0:346x438\/984x0\/smart\/filters:strip_icc()\/i.s3.glbimg.com\/v1\/AUTH_59edd422c0c84a879bd37670ae4f538a\/internal_photos\/bs\/2021\/d\/1\/xi7635Rm6RIG2KhtKETA\/captura-de-tela-8-.png\" alt=\"Regina Lopes e Railena Show abran\u00e7ando a cantora Marilia Mendon\u00e7a em 2019 quando ela fez um show gratuito em Teresina \u2014 Foto: Arquivo Pessoal\"\/><figcaption class=\"wp-element-caption\">Regina Lopes e Railena Show abran\u00e7ando a cantora Marilia Mendon\u00e7a em 2019 quando ela fez um show gratuito em Teresina \u2014 Foto: Arquivo Pessoal<\/figcaption><\/figure>\n\n\n\n<p>Railena afirmou que tamb\u00e9m \u00e9 f\u00e3 da cantora Mar\u00edlia Mendon\u00e7a e que toda a fam\u00edlia se emocionou com a conquista.<\/p>\n\n\n\n<blockquote class=\"wp-block-quote\">\n<p>&#8220;Eu fiquei muito, muito, muito feliz por saber que t\u00ednhamos ganhado o concurso da Mar\u00edlia Mendon\u00e7a. Nossa, foi muita alegria, eu tava muito contente, eu gritei, pulei de felicidade. E n\u00e3o foi s\u00f3 eu, a minha irm\u00e3 tamb\u00e9m ficou feliz, meu pai e minha m\u00e3e quase choraram&#8221;, disse Railena.<\/p>\n<\/blockquote>\n\n\n\n<p>A m\u00e3e de Railena, Rejane Lima, contou que a filha come\u00e7ou a cantar com 6 anos e aprendeu a tocar teclado com 7 anos.<\/p>\n\n\n\n<p>Conhecida como Vaqueirinha Ostenta\u00e7\u00e3o, a cantora coleciona mais de 300 mil seguidores no YouTube. Desde ent\u00e3o, Railena constr\u00f3i sua carreira no Piau\u00ed cantando sucessos consagrados no forr\u00f3 nordestino.<\/p>\n\n\n\n<p><strong>Fonte: G1 PI<\/strong><\/p>\n","protected":false},"excerpt":{"rendered":"<p>As jovens cantoras Railena Show, de 11 anos, e Regina Lopes, de 13 anos, naturais de&nbsp;Teresina, capital do Piau\u00ed, venceram o concurso promovido pela cantora Mar\u00edlia Mendon\u00e7a. O desafio era gravar a melhor vers\u00e3o de &#8216;Troca de Cal\u00e7ada&#8217;, novo sucesso da artista nacional. No concurso da cantora Mar\u00edlia Mendon\u00e7a, o terceiro lugar levou um brinde [&hellip;]<\/p>\n","protected":false},"author":1,"featured_media":21830,"comment_status":"open","ping_status":"open","sticky":false,"template":"","format":"standard","meta":{"beyondwords_generate_audio":"","beyondwords_project_id":"","beyondwords_podcast_id":"","beyondwords_hash":"","beyondwords_error_message":"","beyondwords_disabled":"","publish_post_to_speechkit":"","speechkit_generate_audio":"","speechkit_project_id":"","speechkit_podcast_id":"","speechkit_hash":"","speechkit_error_message":"","speechkit_disabled":"","speechkit_access_key":"","speechkit_error":"","speechkit_info":"","speechkit_response":"","speechkit_retries":"","_speechkit_link":"","_speechkit_text":""},"categories":[134,51,81],"tags":[1821,8211,1233,542,8212,8213,103,743,8214,8215],"jetpack_featured_media_url":"","_links":{"self":[{"href":"https:\/\/pinews.com.br\/index.php\/wp-json\/wp\/v2\/posts\/21829"}],"collection":[{"href":"https:\/\/pinews.com.br\/index.php\/wp-json\/wp\/v2\/posts"}],"about":[{"href":"https:\/\/pinews.com.br\/index.php\/wp-json\/wp\/v2\/types\/post"}],"author":[{"embeddable":true,"href":"https:\/\/pinews.com.br\/index.php\/wp-json\/wp\/v2\/users\/1"}],"replies":[{"embeddable":true,"href":"https:\/\/pinews.com.br\/index.php\/wp-json\/wp\/v2\/comments?post=21829"}],"version-history":[{"count":1,"href":"https:\/\/pinews.com.br\/index.php\/wp-json\/wp\/v2\/posts\/21829\/revisions"}],"predecessor-version":[{"id":48063,"href":"https:\/\/pinews.com.br\/index.php\/wp-json\/wp\/v2\/posts\/21829\/revisions\/48063"}],"wp:featuredmedia":[{"embeddable":true,"href":"https:\/\/pinews.com.br\/index.php\/wp-json\/"}],"wp:attachment":[{"href":"https:\/\/pinews.com.br\/index.php\/wp-json\/wp\/v2\/media?parent=21829"}],"wp:term":[{"taxonomy":"category","embeddable":true,"href":"https:\/\/pinews.com.br\/index.php\/wp-json\/wp\/v2\/categories?post=21829"},{"taxonomy":"post_tag","embeddable":true,"href":"https:\/\/pinews.com.br\/index.php\/wp-json\/wp\/v2\/tags?post=21829"}],"curies":[{"name":"wp","href":"https:\/\/api.w.org\/{rel}","templated":true}]}}