{"id":21916,"date":"2021-05-03T18:54:56","date_gmt":"2021-05-03T21:54:56","guid":{"rendered":"https:\/\/pinews.com.br\/?p=21916"},"modified":"2021-05-03T18:54:56","modified_gmt":"2021-05-03T21:54:56","slug":"incendio-de-grandes-proporcoes-atinge-deposito-no-centro-de-teresina","status":"publish","type":"post","link":"https:\/\/pinews.com.br\/index.php\/2021\/05\/03\/incendio-de-grandes-proporcoes-atinge-deposito-no-centro-de-teresina\/","title":{"rendered":"Inc\u00eandio de grandes propor\u00e7\u00f5es atinge dep\u00f3sito no Centro de Teresina"},"content":{"rendered":"\n<p>Um inc\u00eandio de grandes propor\u00e7\u00f5es atinge um im\u00f3vel localizado na rua Benjamim Constant, no centro de Teresina. Pelo menos quatro viaturas do Corpo de Bombeiros foram ao local e conseguiram&nbsp; controlar as chamas, que come\u00e7aram no final da manh\u00e3 desta segunda-feira (03).<\/p>\n\n\n\n<p>De acordo com populares, no local funciona uma esp\u00e9cie de dep\u00f3sito onde ficam armazenados materiais de borracha. O im\u00f3vel fica pr\u00f3ximo a resid\u00eancias e a outros estabelecimentos comerciais, nas proximidades do Mercado Central.<\/p>\n\n\n\n<p>O Corpo de Bombeiros informou que no momento do in\u00edcio do inc\u00eandio n\u00e3o haviam pessoas no local.<\/p>\n\n\n\n<p>A fuma\u00e7a ocasionada pela queima do material pode ser observada de v\u00e1rios pontos do centro da capital.&nbsp;Moradores filmaram o momento em que parte do telhado do dep\u00f3sito devido \u00e0s chamas.<\/p>\n\n\n\n<p>De acordo com um vizinho do local, ouvido pela reportagem da TV Cidade Verde,  as chamas possivelmente podem ter sido ocasionadas por um vela esquecida no local. \u201c\u00c9 o dep\u00f3sito de uma pessoa que tem um com\u00e9rcio e ele usa para guardar o estoque dele. Ele deixou uma vela acessa e acabou causando esse inc\u00eandio. Ele teria deixado a\u00ed e teria esquecido. O dep\u00f3sito n\u00e3o tem energia. Ele s\u00f3 usava como dep\u00f3sito\u201d,  relatou o homem.<\/p>\n\n\n\n<figure class=\"wp-block-embed-youtube wp-block-embed is-type-video is-provider-youtube wp-embed-aspect-16-9 wp-has-aspect-ratio\"><div class=\"wp-block-embed__wrapper\">\n<iframe loading=\"lazy\" title=\"Inc\u00eandio de grandes propor\u00e7\u00f5es atinge dep\u00f3sito no centro de Teresina\" width=\"1170\" height=\"658\" src=\"https:\/\/www.youtube.com\/embed\/cIF7YWvVacI?feature=oembed\" frameborder=\"0\" allow=\"accelerometer; autoplay; clipboard-write; encrypted-media; gyroscope; picture-in-picture; web-share\" allowfullscreen><\/iframe>\n<\/div><\/figure>\n\n\n\n<p><img decoding=\"async\" src=\"https:\/\/cidadeverde.com\/assets\/uploads\/colecoes\/10860\/incendio_(1).jpg\" alt=\"incendio_(1).jpg\"><img decoding=\"async\" src=\"https:\/\/cidadeverde.com\/assets\/uploads\/colecoes\/10860\/incendio_(19).jpg\" alt=\"incendio_(19).jpg\"><img decoding=\"async\" src=\"https:\/\/cidadeverde.com\/assets\/uploads\/colecoes\/10860\/incendio_(18).jpg\" alt=\"incendio_(18).jpg\"><img decoding=\"async\" src=\"https:\/\/cidadeverde.com\/assets\/uploads\/colecoes\/10860\/incendio_(16).jpg\" alt=\"incendio_(16).jpg\"><img decoding=\"async\" src=\"https:\/\/cidadeverde.com\/assets\/uploads\/colecoes\/10860\/incendio_(15).jpg\" alt=\"incendio_(15).jpg\"><img decoding=\"async\" src=\"https:\/\/cidadeverde.com\/assets\/uploads\/colecoes\/10860\/incendio_(14).jpg\" alt=\"incendio_(14).jpg\"><img decoding=\"async\" src=\"https:\/\/cidadeverde.com\/assets\/uploads\/colecoes\/10860\/incendio_(12).jpg\" alt=\"incendio_(12).jpg\"><small>\/&nbsp;<\/small><img decoding=\"async\" src=\"https:\/\/cidadeverde.com\/assets\/uploads\/colecoes\/10860\/incendio_(9).jpg\" alt=\"incendio_(9).jpg\"><img decoding=\"async\" src=\"https:\/\/cidadeverde.com\/assets\/uploads\/colecoes\/10860\/incendio_(7).jpg\" alt=\"incendio_(7).jpg\"><img decoding=\"async\" src=\"https:\/\/cidadeverde.com\/assets\/uploads\/colecoes\/10860\/incendio_(6).jpg\" alt=\"incendio_(6).jpg\"><\/p>\n\n\n\n<figure class=\"wp-block-image\"><img decoding=\"async\" src=\"https:\/\/cidadeverde.com\/assets\/uploads\/colecoes\/10860\/incendio_(5).jpg\" alt=\"incendio_(5).jpg\"\/><\/figure>\n\n\n\n<p><strong>Fotos: Roberta Aline<br>Fonte: Cidade Verde\/ Com informa\u00e7\u00f5es de Tiago Melo- TV Cidade Verde<\/strong><\/p>\n","protected":false},"excerpt":{"rendered":"<p>Um inc\u00eandio de grandes propor\u00e7\u00f5es atinge um im\u00f3vel localizado na rua Benjamim Constant, no centro de Teresina. Pelo menos quatro viaturas do Corpo de Bombeiros foram ao local e conseguiram&nbsp; controlar as chamas, que come\u00e7aram no final da manh\u00e3 desta segunda-feira (03). De acordo com populares, no local funciona uma esp\u00e9cie de dep\u00f3sito onde ficam [&hellip;]<\/p>\n","protected":false},"author":1,"featured_media":21917,"comment_status":"open","ping_status":"open","sticky":false,"template":"","format":"standard","meta":{"beyondwords_generate_audio":"","beyondwords_project_id":"","beyondwords_podcast_id":"","beyondwords_hash":"","beyondwords_error_message":"","beyondwords_disabled":"","publish_post_to_speechkit":"","speechkit_generate_audio":"","speechkit_project_id":"","speechkit_podcast_id":"","speechkit_hash":"","speechkit_error_message":"","speechkit_disabled":"","speechkit_access_key":"","speechkit_error":"","speechkit_info":"","speechkit_response":"","speechkit_retries":"","_speechkit_link":"","_speechkit_text":""},"categories":[51,81],"tags":[372,871,44,6013,882,547,884,187],"jetpack_featured_media_url":"","_links":{"self":[{"href":"https:\/\/pinews.com.br\/index.php\/wp-json\/wp\/v2\/posts\/21916"}],"collection":[{"href":"https:\/\/pinews.com.br\/index.php\/wp-json\/wp\/v2\/posts"}],"about":[{"href":"https:\/\/pinews.com.br\/index.php\/wp-json\/wp\/v2\/types\/post"}],"author":[{"embeddable":true,"href":"https:\/\/pinews.com.br\/index.php\/wp-json\/wp\/v2\/users\/1"}],"replies":[{"embeddable":true,"href":"https:\/\/pinews.com.br\/index.php\/wp-json\/wp\/v2\/comments?post=21916"}],"version-history":[{"count":0,"href":"https:\/\/pinews.com.br\/index.php\/wp-json\/wp\/v2\/posts\/21916\/revisions"}],"wp:featuredmedia":[{"embeddable":true,"href":"https:\/\/pinews.com.br\/index.php\/wp-json\/"}],"wp:attachment":[{"href":"https:\/\/pinews.com.br\/index.php\/wp-json\/wp\/v2\/media?parent=21916"}],"wp:term":[{"taxonomy":"category","embeddable":true,"href":"https:\/\/pinews.com.br\/index.php\/wp-json\/wp\/v2\/categories?post=21916"},{"taxonomy":"post_tag","embeddable":true,"href":"https:\/\/pinews.com.br\/index.php\/wp-json\/wp\/v2\/tags?post=21916"}],"curies":[{"name":"wp","href":"https:\/\/api.w.org\/{rel}","templated":true}]}}