{"id":21920,"date":"2021-05-03T18:59:46","date_gmt":"2021-05-03T21:59:46","guid":{"rendered":"https:\/\/pinews.com.br\/?p=21920"},"modified":"2021-05-03T18:59:46","modified_gmt":"2021-05-03T21:59:46","slug":"policia-civil-apura-denuncia-de-injuria-racial-contra-enfermeira-no-hut","status":"publish","type":"post","link":"https:\/\/pinews.com.br\/index.php\/2021\/05\/03\/policia-civil-apura-denuncia-de-injuria-racial-contra-enfermeira-no-hut\/","title":{"rendered":"Pol\u00edcia Civil apura den\u00fancia de inj\u00faria racial contra enfermeira no HUT"},"content":{"rendered":"\n<p>Um caso suspeito de inj\u00faria racial no Hospital de Urg\u00eancia de Teresina (HUT) est\u00e1 sendo apurado pela dire\u00e7\u00e3o da unidade e pela Delegacia de Repress\u00e3o \u00e0s Condutas Discriminat\u00f3rias. O ato teria sido cometido por uma m\u00e9dica anestesista contra a enfermeira Laiane Nunes, durante o plant\u00e3o da noite deste domingo (02), no Centro Cir\u00fargico.&nbsp;<\/p>\n\n\n\n<p>De acordo com o relato da enfermeira, diante de um impasse sobre os materiais relacionados \u00e0 anestesia de uma crian\u00e7a que passaria por uma cirurgia, um pequeno conflito se formou entre os profissionais. Ao ser chamada para o local, Laiane Soube que a m\u00e9dica teria sido referido a ela utilizando o termo &#8216;escurinha&#8217;, em refer\u00eancia a cor da pele da profissional.&nbsp;<\/p>\n\n\n\n<p>&#8220;Uma t\u00e9cnica estava tentado ajudar, mas ela [a m\u00e9dica anestesista] estava muito grosseira com todos, fazendo confus\u00e3o. Foi quando ela se dirigiu para a t\u00e9cnica e pediu para me chamar, utilizando esse termo, &#8216;aquela enfermeira escurinha&#8217;, para eu ir resolver o problema que estava na sala. Quando eu entrei na sala, a t\u00e9cnica disse que ela tinha me chamado dessa&nbsp; forma&#8221;, relatou a enfermeira, que trabalha h\u00e1 tr\u00eas anos no HUT.&nbsp;<\/p>\n\n\n\n<p>Ap\u00f3s ter conhecimento da declara\u00e7\u00e3o, Laiane chegou a acionar a Pol\u00edcia Militar. Uma viatura foi deslocada ao local, mas n\u00e3o realizou o flagrante, orientando a enfermeira a procurar uma delegacia.<\/p>\n\n\n\n<p>Na manh\u00e3 de hoje, a profissional registrou boletim de ocorr\u00eancia junto a Pol\u00edcia Civil. Ela tamb\u00e9m informou ao&nbsp;<em>Cidadeverde.com&nbsp;<\/em>que ir\u00e1 procurar os conselhos de Enfermagem e de Medicina, para formalizar a den\u00fancia.&nbsp;<\/p>\n\n\n\n<figure class=\"wp-block-image\"><img decoding=\"async\" src=\"https:\/\/cidadeverde.com\/assets\/uploads\/noticias\/6c3087a637746ed5a48674297a1f3005.jpg\" alt=\"\"\/><figcaption><em><em>Laiane trabalha h\u00e1 tr\u00eas anos no HUT<\/em>\/ Foto: Arquivo Pessoal <\/em><\/figcaption><\/figure>\n\n\n\n<p>&#8220;Eu fiquei muito mal. At\u00e9 adoeci de ontem pra c\u00e1. A cabe\u00e7a n\u00e3o para de doer&#8221;, disse a enfermeira, que afirma que \u00e9 a segunda vez que \u00e9 v\u00edtima de inj\u00faria racial nas depend\u00eancias do HUT.&nbsp;<\/p>\n\n\n\n<p>A m\u00e9dica apontada como autora da inj\u00faria racial n\u00e3o foi localizada pelo&nbsp;<em>Cidadeverde.com&nbsp;<\/em>para comentar as acusa\u00e7\u00f5es. O espa\u00e7o permanece aberto para esclarecimentos.&nbsp;<\/p>\n\n\n\n<p><strong>Dire\u00e7\u00e3o apura den\u00fancia<\/strong><\/p>\n\n\n\n<p>A dire\u00e7\u00e3o do HUT tomou conhecimento do caso e se posicionou atrav\u00e9s de nota, confirmando que j\u00e1 deu in\u00edcio \u00e0 apura\u00e7\u00e3o. De acordo com a nota, o caso est\u00e1 sendo analisado pela Ouvidoria e um processo administrativo disciplinar deve ser aberto nos pr\u00f3ximos dias.&nbsp;<\/p>\n\n\n\n<p>&#8220;O HUT lamenta profundamente o ocorrido e defende uma sociedade plural e democr\u00e1tica com elimina\u00e7\u00e3o de todas as formas de preconceito e discrimina\u00e7\u00e3o. Reafirmamos nosso compromisso de salvar vidas e o restabelecimento da sa\u00fade dos usu\u00e1rios atendidos nessa que \u00e9 maior urg\u00eancia e emerg\u00eancia p\u00fablica do munic\u00edpio de Teresina&#8221;, diz a nota, assinada pelo diretor geral do HUT, F\u00e1bio Marcos.&nbsp;<\/p>\n\n\n\n<p><br><strong><em>Confira a nota na \u00edntegra<\/em><\/strong><\/p>\n\n\n\n<blockquote class=\"wp-block-quote\"><p>O Hospital de Urg\u00eancia de Teresina, Prof. Zenon Rocha (HUT) \u00e9 uma institui\u00e7\u00e3o que tem como foco a gest\u00e3o transparente. Sobre uma acusa\u00e7\u00e3o de racismo envolvendo servidores, informamos que uma apura\u00e7\u00e3o interna para maior detalhamento dos fatos est\u00e1 em curso na Ouvidoria, a fim de subsidiar a posterior instaura\u00e7\u00e3o de um Processo Administrativo Disciplinar. O HUT lamenta profundamente o ocorrido e defende uma sociedade plural e democr\u00e1tica com elimina\u00e7\u00e3o de todas as formas de preconceito e discrimina\u00e7\u00e3o. Reafirmamos nosso compromisso de salvar vidas e o restabelecimento da sa\u00fade dos usu\u00e1rios atendidos nessa que \u00e9 maior urg\u00eancia e emerg\u00eancia p\u00fablica do munic\u00edpio de Teresina.<\/p><\/blockquote>\n\n\n\n<p><strong>Fonte: Natanael Souza\/ Cidade Verde<\/strong><\/p>\n","protected":false},"excerpt":{"rendered":"<p>Um caso suspeito de inj\u00faria racial no Hospital de Urg\u00eancia de Teresina (HUT) est\u00e1 sendo apurado pela dire\u00e7\u00e3o da unidade e pela Delegacia de Repress\u00e3o \u00e0s Condutas Discriminat\u00f3rias. O ato teria sido cometido por uma m\u00e9dica anestesista contra a enfermeira Laiane Nunes, durante o plant\u00e3o da noite deste domingo (02), no Centro Cir\u00fargico.&nbsp; De acordo [&hellip;]<\/p>\n","protected":false},"author":1,"featured_media":21921,"comment_status":"open","ping_status":"open","sticky":false,"template":"","format":"standard","meta":{"beyondwords_generate_audio":"","beyondwords_project_id":"","beyondwords_podcast_id":"","beyondwords_hash":"","beyondwords_error_message":"","beyondwords_disabled":"","publish_post_to_speechkit":"","speechkit_generate_audio":"","speechkit_project_id":"","speechkit_podcast_id":"","speechkit_hash":"","speechkit_error_message":"","speechkit_disabled":"","speechkit_access_key":"","speechkit_error":"","speechkit_info":"","speechkit_response":"","speechkit_retries":"","_speechkit_link":"","_speechkit_text":""},"categories":[51,78,81],"tags":[5681,936,294,44,629,781,1791,763,466,765],"jetpack_featured_media_url":"","_links":{"self":[{"href":"https:\/\/pinews.com.br\/index.php\/wp-json\/wp\/v2\/posts\/21920"}],"collection":[{"href":"https:\/\/pinews.com.br\/index.php\/wp-json\/wp\/v2\/posts"}],"about":[{"href":"https:\/\/pinews.com.br\/index.php\/wp-json\/wp\/v2\/types\/post"}],"author":[{"embeddable":true,"href":"https:\/\/pinews.com.br\/index.php\/wp-json\/wp\/v2\/users\/1"}],"replies":[{"embeddable":true,"href":"https:\/\/pinews.com.br\/index.php\/wp-json\/wp\/v2\/comments?post=21920"}],"version-history":[{"count":0,"href":"https:\/\/pinews.com.br\/index.php\/wp-json\/wp\/v2\/posts\/21920\/revisions"}],"wp:featuredmedia":[{"embeddable":true,"href":"https:\/\/pinews.com.br\/index.php\/wp-json\/"}],"wp:attachment":[{"href":"https:\/\/pinews.com.br\/index.php\/wp-json\/wp\/v2\/media?parent=21920"}],"wp:term":[{"taxonomy":"category","embeddable":true,"href":"https:\/\/pinews.com.br\/index.php\/wp-json\/wp\/v2\/categories?post=21920"},{"taxonomy":"post_tag","embeddable":true,"href":"https:\/\/pinews.com.br\/index.php\/wp-json\/wp\/v2\/tags?post=21920"}],"curies":[{"name":"wp","href":"https:\/\/api.w.org\/{rel}","templated":true}]}}