{"id":21947,"date":"2021-05-04T12:01:42","date_gmt":"2021-05-04T15:01:42","guid":{"rendered":"https:\/\/pinews.com.br\/?p=21947"},"modified":"2021-05-04T12:01:42","modified_gmt":"2021-05-04T15:01:42","slug":"jaicos-proibe-venda-de-bebidas-e-cancela-feiras-apos-aumento-de-casos-de-covid","status":"publish","type":"post","link":"https:\/\/pinews.com.br\/index.php\/2021\/05\/04\/jaicos-proibe-venda-de-bebidas-e-cancela-feiras-apos-aumento-de-casos-de-covid\/","title":{"rendered":"Jaic\u00f3s pro\u00edbe venda de bebidas e cancela feiras ap\u00f3s aumento de casos de covid"},"content":{"rendered":"\n<p>Ap\u00f3s o aumento de casos de Covid-19 e duas mortes de jovens da mesma fam\u00edlia em menos de uma semana, o prefeito de Jaic\u00f3s (352 km de Teresina), Ogilvan Oliveira, conhecido como Nen\u00e9m de Edite (PSD), determinou o fechamento de bares e do com\u00e9rcio em geral, proibiu a venda de bebidas alc\u00f3olicas no com\u00e9rcio e cancelou as feiras livres no munic\u00edpio por dez dias.&nbsp;<\/p>\n\n\n\n<p>Em uma testagem realizada na cidade, de 100 pessoas, 35 positivaram. \u201cEstamos tomando essas medidas devido ao aumento de casos e a flexibiliza\u00e7\u00e3o dos decretos estaduais depois da Semana Santa. Precisamos reduzir o fluxo de circula\u00e7\u00e3o de pessoas e realiza\u00e7\u00e3o de eventos como casamentos. Esse aumento n\u00e3o est\u00e1 fora da realidade, mas precisamos barrar para chegamos a uma estabilidade e redu\u00e7\u00e3o\u201d, argumenta o prefeito.<\/p>\n\n\n\n<p>O decreto tamb\u00e9m pro\u00edbe atividades religiosas presenciais, realiza\u00e7\u00e3o de eventos culturais e esportivos p\u00fablicos e privados. Lojas de materiais de constru\u00e7\u00e3o poder\u00e3o funcionar \u00e0s segundas, quartas e sextas das 07h \u00e0s 18h e permanecendo fechados \u00e0s ter\u00e7as, quintas e aos fins de semana. Os restaurantes, lanchonetes e trailers poder\u00e3o funcionar por delivery at\u00e9 \u00e0s 21h, desde que n\u00e3o entregue bebidas alc\u00f3olicas.<\/p>\n\n\n\n<p>\u201cAumentamos a sanitiza\u00e7\u00e3o de ruas, ambul\u00e2ncias, hospitais e distribu\u00edmos viseiras no com\u00e9rcio, refor\u00e7amos a obrigatoriedade do uso de m\u00e1scaras ao sa\u00edrem de casa e o isolamento social. Eram medidas que j\u00e1 eram adotadas mas a popula\u00e7\u00e3o estava relaxando, por isso estamos intensificando a fiscaliza\u00e7\u00e3o da vigil\u00e2ncia sanit\u00e1ria\u201d, destacou Nen\u00e9m de Edite.&nbsp;<\/p>\n\n\n\n<p>Jaic\u00f3s possui cerca de 20 mil habitantes, mas \u00e9 cidade p\u00f3lo para outros munic\u00edpios circunvizinhos, o que aumenta o fluxo para 45 mil pessoas. \u201cCom o retorno do aux\u00edlio emergencial, muitas pessoas de outros munic\u00edpios recebem em Jaic\u00f3s\u201d, acrescenta.&nbsp;<\/p>\n\n\n\n<h2><a href=\"https:\/\/cidadeverde.com\/assets\/uploads\/files\/decreto%2012%20de%202021%20ref%20covid_1620132078.pdf\" target=\"_blank\" rel=\"noreferrer noopener\">Veja decreto na \u00edntegra<\/a><\/h2>\n\n\n\n<p>As medidas valem a partir desta ter\u00e7a(04) at\u00e9 o dia 14 de maio, mas podem ser prorrogadas. \u201cQueremos estabilizar os n\u00fameros, por isso precisamos do apoio da popula\u00e7\u00e3o que tem que nos d\u00e1 sua contribui\u00e7\u00e3o para que possamos reduzir os casos e com isso flexibilizar as medidas\u201d, afirma o prefeito.<\/p>\n\n\n\n<p><strong>Casos e vacina\u00e7\u00e3o<\/strong><\/p>\n\n\n\n<p>Jaic\u00f3s j\u00e1 registrou 1.111 casos confirmados da doen\u00e7a, destes 256 est\u00e3o ativos, sendo dez em hospitais e 22 \u00f3bitos desde o in\u00edcio da pandemia. Dois deles ocorreram no intervalo de cinco dias, sendo dois jovens de 25 e 28 anos da mesma fam\u00edlia, que n\u00e3o tinham comorbidades.&nbsp;<\/p>\n\n\n\n<p>A cidade j\u00e1 recebeu 2.440 doses de vacinas at\u00e9 o dia 30 de abril para a primeira dose e imunizou o p\u00fablico-alvo de acordo com o plano nacional de imuniza\u00e7\u00e3o e do estado:&nbsp;<\/p>\n\n\n\n<p>Profissionais da sa\u00fade, idosos a partir de 63 anos, pessoas com defici\u00eancia partir de 60 anos e policiais civis e militares.&nbsp;<\/p>\n\n\n\n<h2><img decoding=\"async\" src=\"https:\/\/cidadeverde.com\/assets\/uploads\/noticias\/1b56ebeef11dc62498e05bcfb03e7a42.jpg\"><\/h2>\n\n\n\n<p><strong>Fonte: Caroline Oliveira\/ Cidade Verde<\/strong><\/p>\n","protected":false},"excerpt":{"rendered":"<p>Ap\u00f3s o aumento de casos de Covid-19 e duas mortes de jovens da mesma fam\u00edlia em menos de uma semana, o prefeito de Jaic\u00f3s (352 km de Teresina), Ogilvan Oliveira, conhecido como Nen\u00e9m de Edite (PSD), determinou o fechamento de bares e do com\u00e9rcio em geral, proibiu a venda de bebidas alc\u00f3olicas no com\u00e9rcio e [&hellip;]<\/p>\n","protected":false},"author":1,"featured_media":21948,"comment_status":"open","ping_status":"open","sticky":false,"template":"","format":"standard","meta":{"beyondwords_generate_audio":"","beyondwords_project_id":"","beyondwords_podcast_id":"","beyondwords_hash":"","beyondwords_error_message":"","beyondwords_disabled":"","publish_post_to_speechkit":"","speechkit_generate_audio":"","speechkit_project_id":"","speechkit_podcast_id":"","speechkit_hash":"","speechkit_error_message":"","speechkit_disabled":"","speechkit_access_key":"","speechkit_error":"","speechkit_info":"","speechkit_response":"","speechkit_retries":"","_speechkit_link":"","_speechkit_text":""},"categories":[264,124,51],"tags":[70,816,5742,2648,432,2406,44,8231,265,5951,979],"jetpack_featured_media_url":"","_links":{"self":[{"href":"https:\/\/pinews.com.br\/index.php\/wp-json\/wp\/v2\/posts\/21947"}],"collection":[{"href":"https:\/\/pinews.com.br\/index.php\/wp-json\/wp\/v2\/posts"}],"about":[{"href":"https:\/\/pinews.com.br\/index.php\/wp-json\/wp\/v2\/types\/post"}],"author":[{"embeddable":true,"href":"https:\/\/pinews.com.br\/index.php\/wp-json\/wp\/v2\/users\/1"}],"replies":[{"embeddable":true,"href":"https:\/\/pinews.com.br\/index.php\/wp-json\/wp\/v2\/comments?post=21947"}],"version-history":[{"count":0,"href":"https:\/\/pinews.com.br\/index.php\/wp-json\/wp\/v2\/posts\/21947\/revisions"}],"wp:featuredmedia":[{"embeddable":true,"href":"https:\/\/pinews.com.br\/index.php\/wp-json\/"}],"wp:attachment":[{"href":"https:\/\/pinews.com.br\/index.php\/wp-json\/wp\/v2\/media?parent=21947"}],"wp:term":[{"taxonomy":"category","embeddable":true,"href":"https:\/\/pinews.com.br\/index.php\/wp-json\/wp\/v2\/categories?post=21947"},{"taxonomy":"post_tag","embeddable":true,"href":"https:\/\/pinews.com.br\/index.php\/wp-json\/wp\/v2\/tags?post=21947"}],"curies":[{"name":"wp","href":"https:\/\/api.w.org\/{rel}","templated":true}]}}