{"id":22001,"date":"2021-05-04T22:26:23","date_gmt":"2021-05-05T01:26:23","guid":{"rendered":"https:\/\/pinews.com.br\/?p=22001"},"modified":"2021-05-04T22:26:23","modified_gmt":"2021-05-05T01:26:23","slug":"paulo-gustavo-morre-de-covid-no-rio-aos-42-anos","status":"publish","type":"post","link":"https:\/\/pinews.com.br\/index.php\/2021\/05\/04\/paulo-gustavo-morre-de-covid-no-rio-aos-42-anos\/","title":{"rendered":"Paulo Gustavo morre de Covid no Rio, aos 42 anos"},"content":{"rendered":"\n<p>O ator e humorista Paulo Gustavo morreu no Rio nesta ter\u00e7a-feira (4), aos 42 anos, de complica\u00e7\u00f5es da Covid-19.<\/p>\n\n\n\n<p>O criador de Dona Herm\u00ednia \u2014 e de outros personagens inesquec\u00edveis \u2014 estava internado desde 13 de mar\u00e7o no Hospital Copa Star, em Copacabana, na Zona Sul.<\/p>\n\n\n\n<p>A piora no quadro de sa\u00fade do ator aconteceu na noite de domingo (2). Paulo Gustavo vinha apresentando melhoras significativas, chegou a ter redu\u00e7\u00e3o de sedativos e bloqueadores e interagir com m\u00e9dicos e tamb\u00e9m com o marido, Thales Bretas. \u00c0 noite, no entanto, sofreu uma embolia pulmonar.<\/p>\n\n\n\n<p>Nesta ter\u00e7a, novo boletim disse que o ator estava com quadro irrevers\u00edvel, mas mantinha os sinais vitais. \u00c0s <strong>21h12<\/strong>, no entanto, foi constatada a morte de Paulo Gustavo.<img decoding=\"async\" scale=\"0\" src=\"https:\/\/s01-video-glbimg-com.cdn.ampproject.org\/i\/s\/s01.video.glbimg.com\/640x360\/9488616.jpg\"><\/p>\n\n\n\n<h2>Biografia<\/h2>\n\n\n\n<p><strong>Paulo Gustavo Amaral Monteiro de Barros<\/strong>&nbsp;nasceu em Niter\u00f3i em 30 de outubro de 1978 e estudou teatro na Casa das Artes de Laranjeiras, no Rio, na mesma turma de F\u00e1bio Porchat.<\/p>\n\n\n\n<p>A primeira pe\u00e7a da qual participou foi \u201cO surto\u201d, em que dividia a dire\u00e7\u00e3o com Fernando Caruso, em 2004. Foi no espet\u00e1culo que apresentou pela primeira vez a personagem Dona Herm\u00ednia, que marcaria sua carreira para sempre.<\/p>\n\n\n\n<p>A m\u00e3e superprotetora e hil\u00e1ria ganhou pe\u00e7a pr\u00f3pria em 2006 e chegou ao cinema sete anos depois.<\/p>\n\n\n\n<figure class=\"wp-block-image size-large\"><img decoding=\"async\" src=\"https:\/\/pinews.com.br\/wp-content\/uploads\/2021\/05\/assets-fotos-875-fim-de-ano-na-globo-uma-programacao-com-diversao-emocao-e-entretenimento-para-todos-83456b877384.jpg\" alt=\"\" class=\"wp-image-22003\"\/><figcaption>Paulo Gustavo caracterizado de Dona Herm\u00ednia \u2014 Foto: Globo\/Victor Pollak<\/figcaption><\/figure>\n\n\n\n<h2>Recorde de bilheteria<\/h2>\n\n\n\n<p>Somados, os tr\u00eas filmes de \u201cMinha m\u00e3e \u00e9 uma pe\u00e7a\u201d venderam mais de 26 milh\u00f5es de ingressos entre 2013 e 2020. O terceiro filme teve a maior arrecada\u00e7\u00e3o da hist\u00f3ria do cinema brasileiro, com R$ 182 milh\u00f5es de bilheteria.<\/p>\n\n\n\n<p>Al\u00e9m do sucesso de Dona Herm\u00ednia, o ator se destacou pelos filmes \u201cMinha Vida em Marte\u201d (2018) e \u201cOs Homens S\u00e3o de Marte&#8230; e \u00e9 para l\u00e1 que eu vou\u201d (2014), nos quais contracenou com a atriz e amiga M\u00f4nica Martelli. Ele interpretou o personagem An\u00edbal em ambas as com\u00e9dias.<\/p>\n\n\n\n<h2>Carreira na TV<\/h2>\n\n\n\n<p>Na televis\u00e3o, Paulo apresentou em 2011 o programa \u201c220 Volts\u201d, do Multishow. Dois anos depois, no mesmo canal, ele passou integrar o elenco da sitcom &#8220;Vai que cola&#8221;, vivendo o malandro Valdomiro Lacerda. O personagem foi um sucesso tamb\u00e9m na adapta\u00e7\u00e3o para o cinema, em 2015.<\/p>\n\n\n\n<p>Ainda no Multishow, o ator protagonizou, ao lado de Katiuscia Canoro, a s\u00e9rie &#8220;A vila&#8221;. Na produ\u00e7\u00e3o, ele interpretou o ex-palha\u00e7o Rique.<\/p>\n\n\n\n<p>Ele tamb\u00e9m foi o apresentador de v\u00e1rias edi\u00e7\u00f5es do Pr\u00eamio Multishow.<\/p>\n\n\n\n<figure class=\"wp-block-image size-large\"><img decoding=\"async\" src=\"https:\/\/pinews.com.br\/wp-content\/uploads\/2021\/05\/paulo-gustavo-e-thales.jpg\" alt=\"\" class=\"wp-image-22002\"\/><figcaption>Paulo Gustavo com o marido, Thales Bretas, em foto de arquivo \u2014 Foto: Reprodu\u00e7\u00e3o\/Instagram\/@thalesbretas<\/figcaption><\/figure>\n\n\n\n<h2>Fam\u00edlia<\/h2>\n\n\n\n<p>Paulo Gustavo se casou com o m\u00e9dico Thales Bretas em 2015. Ap\u00f3s um processo de barriga de aluguel feito nos Estados Unidos, eles se tornaram pais de Romeu e Gael, de 1 ano de idade.<\/p>\n\n\n\n<p>Apesar de a personagem mais famosa de Paulo Gustavo, Dona Herm\u00ednia, n\u00e3o ser biogr\u00e1fica, ela foi muito inspirada em D\u00e9a L\u00facia Amaral, m\u00e3e do ator.<\/p>\n\n\n\n<p>Em entrevista ao programa \u201cMais Voc\u00ea\u201d, Paulo chegou a falar, com seu jeito bem-humorado, que a m\u00e3e s\u00f3 queria saber dos netos.<\/p>\n\n\n\n<p>\u201cMam\u00e3e come\u00e7ou o VT falando que enlouqueceu sendo av\u00f3, como se ela j\u00e1 n\u00e3o fosse louca n\u00e9? Ela fica do lado de Thales, prefere ser av\u00f3 do que ser m\u00e3e\u201d, brincou o ator.<\/p>\n\n\n\n<p>Como forma de retribuir toda a contribui\u00e7\u00e3o da m\u00e3e para sua carreira, Paulo Gustavo Gustavo criou a pe\u00e7a \u201cFilho da m\u00e3e\u201d, na qual dividia o palco com Dona D\u00e9a para cantar e contar hist\u00f3rias.<\/p>\n\n\n\n<p><strong>Fonte: G1<\/strong><\/p>\n","protected":false},"excerpt":{"rendered":"<p>O ator e humorista Paulo Gustavo morreu no Rio nesta ter\u00e7a-feira (4), aos 42 anos, de complica\u00e7\u00f5es da Covid-19. O criador de Dona Herm\u00ednia \u2014 e de outros personagens inesquec\u00edveis \u2014 estava internado desde 13 de mar\u00e7o no Hospital Copa Star, em Copacabana, na Zona Sul. A piora no quadro de sa\u00fade do ator aconteceu [&hellip;]<\/p>\n","protected":false},"author":1,"featured_media":22004,"comment_status":"open","ping_status":"open","sticky":false,"template":"","format":"standard","meta":{"beyondwords_generate_audio":"","beyondwords_project_id":"","beyondwords_podcast_id":"","beyondwords_hash":"","beyondwords_error_message":"","beyondwords_disabled":"","publish_post_to_speechkit":"","speechkit_generate_audio":"","speechkit_project_id":"","speechkit_podcast_id":"","speechkit_hash":"","speechkit_error_message":"","speechkit_disabled":"","speechkit_access_key":"","speechkit_error":"","speechkit_info":"","speechkit_response":"","speechkit_retries":"","_speechkit_link":"","_speechkit_text":""},"categories":[134],"tags":[568,82,142,2406,44,8237,119,742,407],"jetpack_featured_media_url":"","_links":{"self":[{"href":"https:\/\/pinews.com.br\/index.php\/wp-json\/wp\/v2\/posts\/22001"}],"collection":[{"href":"https:\/\/pinews.com.br\/index.php\/wp-json\/wp\/v2\/posts"}],"about":[{"href":"https:\/\/pinews.com.br\/index.php\/wp-json\/wp\/v2\/types\/post"}],"author":[{"embeddable":true,"href":"https:\/\/pinews.com.br\/index.php\/wp-json\/wp\/v2\/users\/1"}],"replies":[{"embeddable":true,"href":"https:\/\/pinews.com.br\/index.php\/wp-json\/wp\/v2\/comments?post=22001"}],"version-history":[{"count":0,"href":"https:\/\/pinews.com.br\/index.php\/wp-json\/wp\/v2\/posts\/22001\/revisions"}],"wp:featuredmedia":[{"embeddable":true,"href":"https:\/\/pinews.com.br\/index.php\/wp-json\/"}],"wp:attachment":[{"href":"https:\/\/pinews.com.br\/index.php\/wp-json\/wp\/v2\/media?parent=22001"}],"wp:term":[{"taxonomy":"category","embeddable":true,"href":"https:\/\/pinews.com.br\/index.php\/wp-json\/wp\/v2\/categories?post=22001"},{"taxonomy":"post_tag","embeddable":true,"href":"https:\/\/pinews.com.br\/index.php\/wp-json\/wp\/v2\/tags?post=22001"}],"curies":[{"name":"wp","href":"https:\/\/api.w.org\/{rel}","templated":true}]}}