{"id":22114,"date":"2021-05-06T19:33:57","date_gmt":"2021-05-06T22:33:57","guid":{"rendered":"https:\/\/pinews.com.br\/?p=22114"},"modified":"2021-05-06T19:33:57","modified_gmt":"2021-05-06T22:33:57","slug":"suspeito-de-homicidio-e-preso-apos-retornar-ao-piaui-para-o-enterro-da-mae","status":"publish","type":"post","link":"https:\/\/pinews.com.br\/index.php\/2021\/05\/06\/suspeito-de-homicidio-e-preso-apos-retornar-ao-piaui-para-o-enterro-da-mae\/","title":{"rendered":"Suspeito de homic\u00eddio \u00e9 preso ap\u00f3s retornar ao Piau\u00ed para o enterro da m\u00e3e"},"content":{"rendered":"\n<p>A Pol\u00edcia Civil do Piau\u00ed prendeu na quarta-feira (5) um suspeito de homic\u00eddio, de identidade n\u00e3o revelada, no munic\u00edpio de Corrente, distante 649 km de Teresina. Ele tinha retornado ao Piau\u00ed para o enterro da m\u00e3e.<\/p>\n\n\n\n<p>Segundo informa\u00e7\u00f5es da Pol\u00edcia Civil, o homem \u00e9 suspeito de matar o ex-companheiro da m\u00e3e no ano de 2011, na cidade de Monte Alegre do Piau\u00ed.<\/p>\n\n\n\n<p>Um mandado de pris\u00e3o preventiva foi expedido contra ele, que estava foragido. A Pol\u00edcia Civil descobriu que o homem estava morando em Goi\u00e1s, mas que havia retornado para a cidade de Corrente para participar do enterro da m\u00e3e.<\/p>\n\n\n\n<p>Os policiais foram informados sobre a presen\u00e7a do homem na cidade e deram cumprimento ao mandado de pris\u00e3o preventiva. Quando a pris\u00e3o aconteceu, o enterro da m\u00e3e do homem j\u00e1 tinha sido realizado.<\/p>\n\n\n\n<p>Ele foi encaminhado para a Delegacia Regional de Corrente. Em seguida, o homem foi conduzido para o sistema prisional, onde ficar\u00e1 \u00e0 disposi\u00e7\u00e3o da Justi\u00e7a enquanto responde pelo crime.<\/p>\n\n\n\n<p><strong>Fonte: G1 PI<\/strong><\/p>\n","protected":false},"excerpt":{"rendered":"<p>A Pol\u00edcia Civil do Piau\u00ed prendeu na quarta-feira (5) um suspeito de homic\u00eddio, de identidade n\u00e3o revelada, no munic\u00edpio de Corrente, distante 649 km de Teresina. Ele tinha retornado ao Piau\u00ed para o enterro da m\u00e3e. Segundo informa\u00e7\u00f5es da Pol\u00edcia Civil, o homem \u00e9 suspeito de matar o ex-companheiro da m\u00e3e no ano de 2011, [&hellip;]<\/p>\n","protected":false},"author":1,"featured_media":18644,"comment_status":"open","ping_status":"open","sticky":false,"template":"","format":"standard","meta":{"beyondwords_generate_audio":"","beyondwords_project_id":"","beyondwords_podcast_id":"","beyondwords_hash":"","beyondwords_error_message":"","beyondwords_disabled":"","publish_post_to_speechkit":"","speechkit_generate_audio":"","speechkit_project_id":"","speechkit_podcast_id":"","speechkit_hash":"","speechkit_error_message":"","speechkit_disabled":"","speechkit_access_key":"","speechkit_error":"","speechkit_info":"","speechkit_response":"","speechkit_retries":"","_speechkit_link":"","_speechkit_text":""},"categories":[51,78],"tags":[132,70,122,44,72,3270,162,117,350,52,79,5505,130],"jetpack_featured_media_url":"","_links":{"self":[{"href":"https:\/\/pinews.com.br\/index.php\/wp-json\/wp\/v2\/posts\/22114"}],"collection":[{"href":"https:\/\/pinews.com.br\/index.php\/wp-json\/wp\/v2\/posts"}],"about":[{"href":"https:\/\/pinews.com.br\/index.php\/wp-json\/wp\/v2\/types\/post"}],"author":[{"embeddable":true,"href":"https:\/\/pinews.com.br\/index.php\/wp-json\/wp\/v2\/users\/1"}],"replies":[{"embeddable":true,"href":"https:\/\/pinews.com.br\/index.php\/wp-json\/wp\/v2\/comments?post=22114"}],"version-history":[{"count":0,"href":"https:\/\/pinews.com.br\/index.php\/wp-json\/wp\/v2\/posts\/22114\/revisions"}],"wp:featuredmedia":[{"embeddable":true,"href":"https:\/\/pinews.com.br\/index.php\/wp-json\/"}],"wp:attachment":[{"href":"https:\/\/pinews.com.br\/index.php\/wp-json\/wp\/v2\/media?parent=22114"}],"wp:term":[{"taxonomy":"category","embeddable":true,"href":"https:\/\/pinews.com.br\/index.php\/wp-json\/wp\/v2\/categories?post=22114"},{"taxonomy":"post_tag","embeddable":true,"href":"https:\/\/pinews.com.br\/index.php\/wp-json\/wp\/v2\/tags?post=22114"}],"curies":[{"name":"wp","href":"https:\/\/api.w.org\/{rel}","templated":true}]}}