{"id":22324,"date":"2021-05-11T11:30:09","date_gmt":"2021-05-11T14:30:09","guid":{"rendered":"https:\/\/pinews.com.br\/?p=22324"},"modified":"2021-05-11T11:30:09","modified_gmt":"2021-05-11T14:30:09","slug":"anvisa-orienta-suspensao-de-vacina-da-astrazeneca-para-gravidas","status":"publish","type":"post","link":"https:\/\/pinews.com.br\/index.php\/2021\/05\/11\/anvisa-orienta-suspensao-de-vacina-da-astrazeneca-para-gravidas\/","title":{"rendered":"Anvisa orienta suspens\u00e3o de vacina da AstraZeneca para gr\u00e1vidas"},"content":{"rendered":"\n<p>A Ag\u00eancia Nacional de Vigil\u00e2ncia Sanit\u00e1ria (Anvisa) recomendou a suspens\u00e3o imediata do uso da vacina contra a covid-19 da AstraZeneca\/Fiocruz para mulheres gestantes. A orienta\u00e7\u00e3o est\u00e1 em nota t\u00e9cnica emitida pela ag\u00eancia.<img decoding=\"async\" src=\"https:\/\/agenciabrasil.ebc.com.br\/ebc.png?id=1409263&amp;o=node\"><img decoding=\"async\" src=\"https:\/\/agenciabrasil.ebc.com.br\/ebc.gif?id=1409263&amp;o=node\"><\/p>\n\n\n\n<p>A orienta\u00e7\u00e3o da Anvisa \u00e9 que a indica\u00e7\u00e3o da bula da vacina AstraZeneca seja seguida pelo Programa Nacional de Imuniza\u00e7\u00e3o (PNI),&nbsp;do Minist\u00e9rio da Sa\u00fade&nbsp;A decis\u00e3o \u00e9 resultado do monitoramento de eventos adversos feito de forma constante sobre as vacinas contra a covid-19 em uso no pa\u00eds.<\/p>\n\n\n\n<p>\u201cO uso&nbsp;<em>off label<\/em>&nbsp;de vacinas, ou seja, em situa\u00e7\u00f5es n\u00e3o previstas na bula, s\u00f3 deve ser feito mediante avalia\u00e7\u00e3o individual por um profissional de sa\u00fade que considere os riscos e benef\u00edcios da vacina para a paciente. A bula atual da vacina contra a covid-19 da AstraZeneca n\u00e3o recomenda o uso da vacina sem orienta\u00e7\u00e3o m\u00e9dica\u201d, ressaltou a Anvisa.<\/p>\n\n\n\n<p>A vacina vinha sendo usada em gestantes com comorbidades. Agora, s\u00f3 podem ser aplicadas nas gr\u00e1vidas a CoronaVac e a vacina da Pfizer.<\/p>\n\n\n\n<h2>Rio de Janeiro<\/h2>\n\n\n\n<p>A Secretaria Municipal de Sa\u00fade do Rio de Janeiro decidiu suspender a vacina\u00e7\u00e3o de gestantes e pu\u00e9rperas na cidade at\u00e9 que \u201ca investiga\u00e7\u00e3o do caso de evento adverso em gestante seja finalizada pelo Minist\u00e9rio da Sa\u00fade e o Programa Nacional de Imuniza\u00e7\u00f5es se pronuncie\u201d.<\/p>\n\n\n\n<h2>S\u00e3o Paulo<\/h2>\n\n\n\n<p>Devido a essa orienta\u00e7\u00e3o da Anvisa, a prefeitura de S\u00e3o Paulo suspendeu preventivamente a aplica\u00e7\u00e3o de vacinas contra covid-19 da AstraZeneca\/Fiocruz para gestantes. A suspens\u00e3o ser\u00e1 mantida at\u00e9 que ocorra uma nova orienta\u00e7\u00e3o por meio do PNI.<\/p>\n\n\n\n<p>A vacina\u00e7\u00e3o contra a covid-19 permanece em andamento e ganhou novos p\u00fablicos eleg\u00edveis nesta ter\u00e7a-feira (11): metrovi\u00e1rios, ferrovi\u00e1rios, m\u00e3es de rec\u00e9m-nascidos com comorbidades e pessoas com defici\u00eancia permanente inscritos no Benef\u00edcio de Presta\u00e7\u00e3o Continuada (entre 55 e 59 anos).<\/p>\n\n\n\n<p><em>Texto atualizado com os dois \u00faltimos par\u00e1grafos, que tinham sido publicados originalmente como uma mat\u00e9ria \u00e0 parte. Os textos foram incorporados em uma \u00fanica mat\u00e9ria por tratarem do mesmo assunto. Posteriormente, \u00e0s 9h45, foi inclu\u00eddo par\u00e1grafo com informa\u00e7\u00f5es sobre o Rio de Janeiro.<\/em><\/p>\n\n\n\n<p><strong>Fonte: Ag\u00eancia Brasil<\/strong><\/p>\n","protected":false},"excerpt":{"rendered":"<p>A Ag\u00eancia Nacional de Vigil\u00e2ncia Sanit\u00e1ria (Anvisa) recomendou a suspens\u00e3o imediata do uso da vacina contra a covid-19 da AstraZeneca\/Fiocruz para mulheres gestantes. A orienta\u00e7\u00e3o est\u00e1 em nota t\u00e9cnica emitida pela ag\u00eancia. A orienta\u00e7\u00e3o da Anvisa \u00e9 que a indica\u00e7\u00e3o da bula da vacina AstraZeneca seja seguida pelo Programa Nacional de Imuniza\u00e7\u00e3o (PNI),&nbsp;do Minist\u00e9rio da [&hellip;]<\/p>\n","protected":false},"author":1,"featured_media":22325,"comment_status":"open","ping_status":"open","sticky":false,"template":"","format":"standard","meta":{"beyondwords_generate_audio":"","beyondwords_project_id":"","beyondwords_podcast_id":"","beyondwords_hash":"","beyondwords_error_message":"","beyondwords_disabled":"","publish_post_to_speechkit":"","speechkit_generate_audio":"","speechkit_project_id":"","speechkit_podcast_id":"","speechkit_hash":"","speechkit_error_message":"","speechkit_disabled":"","speechkit_access_key":"","speechkit_error":"","speechkit_info":"","speechkit_response":"","speechkit_retries":"","_speechkit_link":"","_speechkit_text":""},"categories":[134],"tags":[5379,7339,122,44,8296,5818,350,2134,3178],"jetpack_featured_media_url":"","_links":{"self":[{"href":"https:\/\/pinews.com.br\/index.php\/wp-json\/wp\/v2\/posts\/22324"}],"collection":[{"href":"https:\/\/pinews.com.br\/index.php\/wp-json\/wp\/v2\/posts"}],"about":[{"href":"https:\/\/pinews.com.br\/index.php\/wp-json\/wp\/v2\/types\/post"}],"author":[{"embeddable":true,"href":"https:\/\/pinews.com.br\/index.php\/wp-json\/wp\/v2\/users\/1"}],"replies":[{"embeddable":true,"href":"https:\/\/pinews.com.br\/index.php\/wp-json\/wp\/v2\/comments?post=22324"}],"version-history":[{"count":0,"href":"https:\/\/pinews.com.br\/index.php\/wp-json\/wp\/v2\/posts\/22324\/revisions"}],"wp:featuredmedia":[{"embeddable":true,"href":"https:\/\/pinews.com.br\/index.php\/wp-json\/"}],"wp:attachment":[{"href":"https:\/\/pinews.com.br\/index.php\/wp-json\/wp\/v2\/media?parent=22324"}],"wp:term":[{"taxonomy":"category","embeddable":true,"href":"https:\/\/pinews.com.br\/index.php\/wp-json\/wp\/v2\/categories?post=22324"},{"taxonomy":"post_tag","embeddable":true,"href":"https:\/\/pinews.com.br\/index.php\/wp-json\/wp\/v2\/tags?post=22324"}],"curies":[{"name":"wp","href":"https:\/\/api.w.org\/{rel}","templated":true}]}}