{"id":22337,"date":"2021-05-11T19:08:41","date_gmt":"2021-05-11T22:08:41","guid":{"rendered":"https:\/\/pinews.com.br\/?p=22337"},"modified":"2021-05-11T19:08:41","modified_gmt":"2021-05-11T22:08:41","slug":"foragido-ha-9-anos-e-recapturado-apos-testemunhar-homicidio-no-piaui","status":"publish","type":"post","link":"https:\/\/pinews.com.br\/index.php\/2021\/05\/11\/foragido-ha-9-anos-e-recapturado-apos-testemunhar-homicidio-no-piaui\/","title":{"rendered":"Foragido h\u00e1 9 anos \u00e9 recapturado ap\u00f3s testemunhar homic\u00eddio no Piau\u00ed"},"content":{"rendered":"\n<p>Um foragido do sistema prisional desde 2012 foi recapturado nesta ter\u00e7a-feira (11) pelo Departamento de Homic\u00eddios e Prote\u00e7\u00e3o \u00e0 Pessoa (DHPP), em Teresina. Segundo a Pol\u00edcia Civil, o fugitivo cumpria pena por tr\u00e1fico de drogas.<\/p>\n\n\n\n<p>Ao <strong>G1<\/strong>, o delegado Samuel Silveira explicou que a pris\u00e3o do foragido se deu ap\u00f3s a investiga\u00e7\u00e3o do homic\u00eddio de Ant\u00f4nio Rufino da Silva. O fugitivo foi encontrado no bairro Frei Dami\u00e3o, Zona Sudeste, e em seguida encaminhado para o pres\u00eddio.<\/p>\n\n\n\n<p>&#8220;Ele foi testemunha do homic\u00eddio. Durante a investiga\u00e7\u00e3o desse crime, conseguimos identificar que o rapaz era foragido do sistema prisional e fizemos a sua pris\u00e3o&#8221;, informou.<\/p>\n\n\n\n<h2>Entenda o caso<\/h2>\n\n\n\n<p>Ant\u00f4nio Rufino da Silva, 30 anos, foi morto e ficou pendurado em cima de um muro depois de ser atingido por tiros, em dezembro de 2020. O caso aconteceu no bairro Alto da Ressurrei\u00e7\u00e3o, Zona Sudeste de Teresina.<\/p>\n\n\n\n<p>De acordo com a Pol\u00edcia Militar, a v\u00edtima estava em casa tomando vinho com um amigo quando um homem armado chegou ao local. Ele tentou fugir saltando o muro de casa, em dire\u00e7\u00e3o \u00e0 casa do vizinho, mas foi atingido pelos disparos e morreu.<\/p>\n\n\n\n<p><strong>Fonte: G1 PI<\/strong><\/p>\n","protected":false},"excerpt":{"rendered":"<p>Um foragido do sistema prisional desde 2012 foi recapturado nesta ter\u00e7a-feira (11) pelo Departamento de Homic\u00eddios e Prote\u00e7\u00e3o \u00e0 Pessoa (DHPP), em Teresina. Segundo a Pol\u00edcia Civil, o fugitivo cumpria pena por tr\u00e1fico de drogas. Ao G1, o delegado Samuel Silveira explicou que a pris\u00e3o do foragido se deu ap\u00f3s a investiga\u00e7\u00e3o do homic\u00eddio de [&hellip;]<\/p>\n","protected":false},"author":1,"featured_media":20347,"comment_status":"open","ping_status":"open","sticky":false,"template":"","format":"standard","meta":{"beyondwords_generate_audio":"","beyondwords_project_id":"","beyondwords_podcast_id":"","beyondwords_hash":"","beyondwords_error_message":"","beyondwords_disabled":"","publish_post_to_speechkit":"","speechkit_generate_audio":"","speechkit_project_id":"","speechkit_podcast_id":"","speechkit_hash":"","speechkit_error_message":"","speechkit_disabled":"","speechkit_access_key":"","speechkit_error":"","speechkit_info":"","speechkit_response":"","speechkit_retries":"","_speechkit_link":"","_speechkit_text":""},"categories":[51,78,81],"tags":[82,70,72,1041,603,162,52,8155,8301],"jetpack_featured_media_url":"","_links":{"self":[{"href":"https:\/\/pinews.com.br\/index.php\/wp-json\/wp\/v2\/posts\/22337"}],"collection":[{"href":"https:\/\/pinews.com.br\/index.php\/wp-json\/wp\/v2\/posts"}],"about":[{"href":"https:\/\/pinews.com.br\/index.php\/wp-json\/wp\/v2\/types\/post"}],"author":[{"embeddable":true,"href":"https:\/\/pinews.com.br\/index.php\/wp-json\/wp\/v2\/users\/1"}],"replies":[{"embeddable":true,"href":"https:\/\/pinews.com.br\/index.php\/wp-json\/wp\/v2\/comments?post=22337"}],"version-history":[{"count":0,"href":"https:\/\/pinews.com.br\/index.php\/wp-json\/wp\/v2\/posts\/22337\/revisions"}],"wp:featuredmedia":[{"embeddable":true,"href":"https:\/\/pinews.com.br\/index.php\/wp-json\/"}],"wp:attachment":[{"href":"https:\/\/pinews.com.br\/index.php\/wp-json\/wp\/v2\/media?parent=22337"}],"wp:term":[{"taxonomy":"category","embeddable":true,"href":"https:\/\/pinews.com.br\/index.php\/wp-json\/wp\/v2\/categories?post=22337"},{"taxonomy":"post_tag","embeddable":true,"href":"https:\/\/pinews.com.br\/index.php\/wp-json\/wp\/v2\/tags?post=22337"}],"curies":[{"name":"wp","href":"https:\/\/api.w.org\/{rel}","templated":true}]}}