{"id":22342,"date":"2021-05-11T19:21:09","date_gmt":"2021-05-11T22:21:09","guid":{"rendered":"https:\/\/pinews.com.br\/?p=22342"},"modified":"2021-05-11T19:21:09","modified_gmt":"2021-05-11T22:21:09","slug":"duas-professoras-morrem-de-covid-19-no-mesmo-dia-e-comove-populacao-de-jaicos","status":"publish","type":"post","link":"https:\/\/pinews.com.br\/index.php\/2021\/05\/11\/duas-professoras-morrem-de-covid-19-no-mesmo-dia-e-comove-populacao-de-jaicos\/","title":{"rendered":"Duas professoras morrem de Covid-19 no mesmo dia e comove popula\u00e7\u00e3o de Jaic\u00f3s"},"content":{"rendered":"\n<h1>Professora de 66 anos \u00e9 a 26\u00aa v\u00edtima da covid-19 Jaic\u00f3s<\/h1>\n\n\n\n<p>A covid-19 vai dizimando vidas humanas em Jaic\u00f3s. Faleceu \u00e0s 4h da manh\u00e3 desta ter\u00e7a-feira (11.maio) em Teresina, onde estava internada na UTI, a professora da rede municipal de ensino, Luzia Camila da Silva.<\/p>\n\n\n\n<p>Luzia Camila, como assim era conhecida na comunidade jaicoense, \u00e9 26\u00aa v\u00edtima da covid-19 no munic\u00edpio. Ela tinha 66 anos e atualmente estava trabalhando como professora na Creche Municipal Tia Lourdinha, localizada no Bairro Arm\u00ednio Jos\u00e9 de Sousa.<\/p>\n\n\n\n<h1>27\u00aa v\u00edtima em Jaic\u00f3s: professora aposentada de 54 anos perde a vida para a covid-19<\/h1>\n\n\n\n<p>Mais uma morte por covid-19 foi registrada nesta ter\u00e7a-feira (11.maio) em Jaic\u00f3s. Trata-se da da professora aposentada da rede municipal de ensino, Maria das Merc\u00eas Veloso de 54 anos. Ela estava internada na UTI do Hospital Regional Justino Luz em Picos, h\u00e1 v\u00e1rios dias.<\/p>\n\n\n\n<p>Maria das Merc\u00eas \u00e9 a 27\u00aa v\u00edtima do novo coronav\u00edrus em Jaic\u00f3s.<\/p>\n\n\n\n<p>Em menos &nbsp;de 24h foram dois \u00f3bitos. Hoje, ter\u00e7a-feira (11.maio) \u00e0s 4h da manh\u00e3, outra professora da rede municipal de ensino faleceu devido a Covid-19, que foi Luzia Camila da Silva de 66 anos.<\/p>\n\n\n\n<figure class=\"wp-block-image\"><img decoding=\"async\" src=\"https:\/\/i0.wp.com\/www.portalsaibamais.com.br\/wp-content\/uploads\/2021\/05\/veloso1.jpg?w=1220&amp;ssl=1\" alt=\"\"\/><\/figure>\n\n\n\n<figure class=\"wp-block-image\"><img decoding=\"async\" src=\"https:\/\/i1.wp.com\/www.portalsaibamais.com.br\/wp-content\/uploads\/2021\/05\/cam1.jpg?w=1220&amp;ssl=1\" alt=\"\"\/><\/figure>\n\n\n\n<p><strong>Fonte: Portal Saiba Mais<\/strong><\/p>\n","protected":false},"excerpt":{"rendered":"<p>Professora de 66 anos \u00e9 a 26\u00aa v\u00edtima da covid-19 Jaic\u00f3s A covid-19 vai dizimando vidas humanas em Jaic\u00f3s. Faleceu \u00e0s 4h da manh\u00e3 desta ter\u00e7a-feira (11.maio) em Teresina, onde estava internada na UTI, a professora da rede municipal de ensino, Luzia Camila da Silva. Luzia Camila, como assim era conhecida na comunidade jaicoense, \u00e9 [&hellip;]<\/p>\n","protected":false},"author":1,"featured_media":22343,"comment_status":"open","ping_status":"open","sticky":false,"template":"","format":"standard","meta":{"beyondwords_generate_audio":"","beyondwords_project_id":"","beyondwords_podcast_id":"","beyondwords_hash":"","beyondwords_error_message":"","beyondwords_disabled":"","publish_post_to_speechkit":"","speechkit_generate_audio":"","speechkit_project_id":"","speechkit_podcast_id":"","speechkit_hash":"","speechkit_error_message":"","speechkit_disabled":"","speechkit_access_key":"","speechkit_error":"","speechkit_info":"","speechkit_response":"","speechkit_retries":"","_speechkit_link":"","_speechkit_text":""},"categories":[264,124,51],"tags":[524,5307,44,515,260,265,6085,261,1914,8233],"jetpack_featured_media_url":"","_links":{"self":[{"href":"https:\/\/pinews.com.br\/index.php\/wp-json\/wp\/v2\/posts\/22342"}],"collection":[{"href":"https:\/\/pinews.com.br\/index.php\/wp-json\/wp\/v2\/posts"}],"about":[{"href":"https:\/\/pinews.com.br\/index.php\/wp-json\/wp\/v2\/types\/post"}],"author":[{"embeddable":true,"href":"https:\/\/pinews.com.br\/index.php\/wp-json\/wp\/v2\/users\/1"}],"replies":[{"embeddable":true,"href":"https:\/\/pinews.com.br\/index.php\/wp-json\/wp\/v2\/comments?post=22342"}],"version-history":[{"count":0,"href":"https:\/\/pinews.com.br\/index.php\/wp-json\/wp\/v2\/posts\/22342\/revisions"}],"wp:featuredmedia":[{"embeddable":true,"href":"https:\/\/pinews.com.br\/index.php\/wp-json\/"}],"wp:attachment":[{"href":"https:\/\/pinews.com.br\/index.php\/wp-json\/wp\/v2\/media?parent=22342"}],"wp:term":[{"taxonomy":"category","embeddable":true,"href":"https:\/\/pinews.com.br\/index.php\/wp-json\/wp\/v2\/categories?post=22342"},{"taxonomy":"post_tag","embeddable":true,"href":"https:\/\/pinews.com.br\/index.php\/wp-json\/wp\/v2\/tags?post=22342"}],"curies":[{"name":"wp","href":"https:\/\/api.w.org\/{rel}","templated":true}]}}