{"id":22395,"date":"2021-05-13T11:28:48","date_gmt":"2021-05-13T14:28:48","guid":{"rendered":"https:\/\/pinews.com.br\/?p=22395"},"modified":"2021-05-13T11:28:48","modified_gmt":"2021-05-13T14:28:48","slug":"familia-e-expulsa-de-casa-por-faccao-criminosa-na-zona-sul-de-teresina","status":"publish","type":"post","link":"https:\/\/pinews.com.br\/index.php\/2021\/05\/13\/familia-e-expulsa-de-casa-por-faccao-criminosa-na-zona-sul-de-teresina\/","title":{"rendered":"Fam\u00edlia \u00e9 expulsa de casa por fac\u00e7\u00e3o criminosa na zona sul de Teresina"},"content":{"rendered":"\n<p>Uma fam\u00edlia foi expulsa de casa na madrugada desta quinta-feira (13) em uma vila da regi\u00e3o do grande Promorar, zona sul de Teresina. De acordo com a Pol\u00edcia Militar, pelo menos 15 homens, membros de uma fac\u00e7\u00e3o criminosa, chegaram ao local por volta das 2h e expulsaram um casal e a filha de 12 anos.&nbsp;<\/p>\n\n\n\n<p>Os criminosos tamb\u00e9m levaram pertences da fam\u00edlia e destru\u00edram objetos. A Pol\u00edcia ainda n\u00e3o sabe o que motivou a a\u00e7\u00e3o.<\/p>\n\n\n\n<p>&#8220;N\u00f3s fomos acionados as 2h50 da manh\u00e3 de hoje. Uma senhora chegou com a filha de 12 anos disse que 15 elementos da fac\u00e7\u00e3o PCC invadiram sua resid\u00eancia, quebraram tudo e expulsaram eles de casa. Fomos at\u00e9 a resid\u00eancia. Chegando l\u00e1, foi constatado que eles roubaram algumas coisas e quebraram a casa toda. Disseram que se ela retornar ao local ou chamar a pol\u00edcia vai ser morta, com o marido e a filha&#8221;, contou o sargento Lu\u00eds, da Companhia Independente de Policiamento do Promorar.<\/p>\n\n\n\n<p>Ap\u00f3s buscar atendimento na Pol\u00edcia Militar, a fam\u00edlia recebeu um abrigo tempor\u00e1rio e deve ser encaminhada na manh\u00e3 desta quinta-feira a outros \u00f3rg\u00e3os competentes do munic\u00edpio.&nbsp;<\/p>\n\n\n\n<p>Ainda de acordo com o sargento Lu\u00eds, a Pol\u00edcia Militar trabalha para localizar os suspeitos de terem participado da a\u00e7\u00e3o durante a madrugada.&nbsp;<\/p>\n\n\n\n<p><strong>Cen\u00e1rio de guerra<\/strong><\/p>\n\n\n\n<p>Policiais que atuam na regi\u00e3o do Promorar relatam que os moradores vivenciam um &#8216;cen\u00e1rio de guerra&#8217; nos \u00faltimos dias, com a atua\u00e7\u00e3o de fac\u00e7\u00f5es criminosas. &#8220;Nesses \u00faltimos dias, a \u00e1rea do Promorar est\u00e1 um inferno. Alguns tiroteios, muitos homic\u00eddios. Est\u00e1 um terror&#8221;, destacou o sargento Lu\u00eds.<\/p>\n\n\n\n<p>&#8220;\u00c9 preciso que a Pol\u00edcia Civil, a intelig\u00eancia, entre nessas \u00e1reas para prender esses elementos, e que a justi\u00e7a julgue, condene eles e mantenha na cadeia. Isso n\u00e3o vai acabar enquanto n\u00e3o for cumprido a lei&#8221;,desabafou o militar.<\/p>\n\n\n\n<p><strong>Fonte: Natanael Souza\/ Cidade Verde<\/strong><\/p>\n","protected":false},"excerpt":{"rendered":"<p>Uma fam\u00edlia foi expulsa de casa na madrugada desta quinta-feira (13) em uma vila da regi\u00e3o do grande Promorar, zona sul de Teresina. De acordo com a Pol\u00edcia Militar, pelo menos 15 homens, membros de uma fac\u00e7\u00e3o criminosa, chegaram ao local por volta das 2h e expulsaram um casal e a filha de 12 anos.&nbsp; [&hellip;]<\/p>\n","protected":false},"author":1,"featured_media":22396,"comment_status":"open","ping_status":"open","sticky":false,"template":"","format":"standard","meta":{"beyondwords_generate_audio":"","beyondwords_project_id":"","beyondwords_podcast_id":"","beyondwords_hash":"","beyondwords_error_message":"","beyondwords_disabled":"","publish_post_to_speechkit":"","speechkit_generate_audio":"","speechkit_project_id":"","speechkit_podcast_id":"","speechkit_hash":"","speechkit_error_message":"","speechkit_disabled":"","speechkit_access_key":"","speechkit_error":"","speechkit_info":"","speechkit_response":"","speechkit_retries":"","_speechkit_link":"","_speechkit_text":""},"categories":[51,78,81],"tags":[149,616,44,72,7586,617,244,91,59,120,187,97],"jetpack_featured_media_url":"","_links":{"self":[{"href":"https:\/\/pinews.com.br\/index.php\/wp-json\/wp\/v2\/posts\/22395"}],"collection":[{"href":"https:\/\/pinews.com.br\/index.php\/wp-json\/wp\/v2\/posts"}],"about":[{"href":"https:\/\/pinews.com.br\/index.php\/wp-json\/wp\/v2\/types\/post"}],"author":[{"embeddable":true,"href":"https:\/\/pinews.com.br\/index.php\/wp-json\/wp\/v2\/users\/1"}],"replies":[{"embeddable":true,"href":"https:\/\/pinews.com.br\/index.php\/wp-json\/wp\/v2\/comments?post=22395"}],"version-history":[{"count":0,"href":"https:\/\/pinews.com.br\/index.php\/wp-json\/wp\/v2\/posts\/22395\/revisions"}],"wp:featuredmedia":[{"embeddable":true,"href":"https:\/\/pinews.com.br\/index.php\/wp-json\/"}],"wp:attachment":[{"href":"https:\/\/pinews.com.br\/index.php\/wp-json\/wp\/v2\/media?parent=22395"}],"wp:term":[{"taxonomy":"category","embeddable":true,"href":"https:\/\/pinews.com.br\/index.php\/wp-json\/wp\/v2\/categories?post=22395"},{"taxonomy":"post_tag","embeddable":true,"href":"https:\/\/pinews.com.br\/index.php\/wp-json\/wp\/v2\/tags?post=22395"}],"curies":[{"name":"wp","href":"https:\/\/api.w.org\/{rel}","templated":true}]}}