{"id":22437,"date":"2021-05-14T09:29:11","date_gmt":"2021-05-14T12:29:11","guid":{"rendered":"https:\/\/pinews.com.br\/?p=22437"},"modified":"2021-05-14T09:29:11","modified_gmt":"2021-05-14T12:29:11","slug":"roupas-de-jovens-obrigadas-a-cavar-as-proprias-covas-sao-encontradas-na-casa-de-suspeita-das-mortes","status":"publish","type":"post","link":"https:\/\/pinews.com.br\/index.php\/2021\/05\/14\/roupas-de-jovens-obrigadas-a-cavar-as-proprias-covas-sao-encontradas-na-casa-de-suspeita-das-mortes\/","title":{"rendered":"Roupas de jovens obrigadas a cavar as pr\u00f3prias covas s\u00e3o encontradas na casa de suspeita das mortes"},"content":{"rendered":"\n<p>O delegado Ant\u00f4nio Valente, respons\u00e1vel por investigar a morte de duas adolescentes que foram obrigadas a cavar as pr\u00f3prias covas, ouviu nesta quinta-feira (13) a suspeita de ordenar os assassinatos. Ela prestou depoimento na Delegacia de Homic\u00eddio e Prote\u00e7\u00e3o \u00e0 Pessoa (DHPP) em Timon, no Maranh\u00e3o.<\/p>\n\n\n\n<p>Ao&nbsp;<strong>G1<\/strong>, o delegado explicou que a suspeita tinha um v\u00ednculo com Maria Eduarda, uma das v\u00edtimas do crime.&nbsp;Na casa dela, que fica pr\u00f3ximo ao local onde as garotas foram mortas, a pol\u00edcia encontrou roupas das v\u00edtimas.<\/p>\n\n\n\n<p>\u201cUma das meninas [Maria Eduarda] tinha o costume de frequentar a casa dela, que fica bem pr\u00f3ximo onde o fato ocorreu. Ap\u00f3s o crime, ela desapareceu da casa e foi um dos motivos que embasou o pedido de pris\u00e3o dela\u201d, afirmou.<\/p>\n\n\n\n<p>Durante o depoimento, a investigada alegou n\u00e3o ter participa\u00e7\u00e3o no crime.<\/p>\n\n\n\n<p>&#8220;Do pouco que ela falou foi que n\u00e3o tem nada a ver, que foram outras pessoas, mas n\u00e3o diz quem s\u00e3o essas pessoas. Entretanto, temos algumas situa\u00e7\u00f5es que quando s\u00e3o confrontadas n\u00e3o batem. Ent\u00e3o, em cima disso que estamos trabalhando para desmontar a vers\u00e3o dela\u201d, disse o delegado Valente.<\/p>\n\n\n\n<figure class=\"wp-block-image\"><img decoding=\"async\" src=\"https:\/\/s2.glbimg.com\/flM4Pabmyr97L5OCCCtcW78wBDk=\/0x0:1280x763\/984x0\/smart\/filters:strip_icc()\/i.s3.glbimg.com\/v1\/AUTH_59edd422c0c84a879bd37670ae4f538a\/internal_photos\/bs\/2021\/C\/6\/fQCCrLRk61JQI054tC1w\/whatsapp-image-2021-04-23-at-15.01.31.jpeg\" alt=\"Mulher suspeita de ordenar assassinatos em Timon (MA) \u2014 Foto: Divulga\u00e7\u00e3o \/PC-RS\"\/><figcaption>Mulher suspeita de ordenar assassinatos em Timon (MA) \u2014 Foto: Divulga\u00e7\u00e3o \/PC-RS<\/figcaption><\/figure>\n\n\n\n<p>A suspeita foi presa no dia 23 de abril, na cidade de Carlos Barbosa, no Rio Grande do Sul, pela Pol\u00edcia Civil do estado. Ela estava na cidade h\u00e1 cerca de uma semana, na casa de um namorado, que n\u00e3o tinha conhecimento sobre os crimes.<\/p>\n\n\n\n<p>Questionada sobre a fuga, a suspeita disse que a viagem estava programada desde o m\u00eas de mar\u00e7o e que decidiu ir para o sul do pa\u00eds ap\u00f3s as mortes das duas adolescentes. Segundo ela, estava prestes a trabalhar na cidade.<\/p>\n\n\n\n<p>Nessa quarta-feira (12), a mulher foi transferida do Rio Grande do Sul para Teresina, em seguida para o pres\u00eddio em Timon, onde se encontra \u00e0 disposi\u00e7\u00e3o da Justi\u00e7a. Conforme o delegado, ela j\u00e1 possu\u00eda passagens pela pol\u00edcia do Maranh\u00e3o por tr\u00e1fico de drogas.<\/p>\n\n\n\n<h2>Tribunal do crime<\/h2>\n\n\n\n<p>Segundo a investiga\u00e7\u00e3o da Pol\u00edcia Civil de Timon, a suspeita seria a pessoa respons\u00e1vel pela manuten\u00e7\u00e3o da \u201cdisciplina\u201d das mulheres que \u00e9 membro de uma fac\u00e7\u00e3o criminosa. Entretanto, durante o depoimento, ela negou. As duas v\u00edtimas n\u00e3o eram membro da fac\u00e7\u00e3o, mas se relacionavam com pessoas que eram.<\/p>\n\n\n\n<p>O \u201ccrime\u201d das duas teria sido morar em locais dominados por fac\u00e7\u00f5es rivais e serem amigas. Al\u00e9m disso, as duas teriam gravado v\u00eddeos fazendo com as m\u00e3os os s\u00edmbolos das duas fac\u00e7\u00f5es.<\/p>\n\n\n\n<p>Por conta disso, no final de mar\u00e7o as duas adolescentes, que moravam em Teresina, foram atra\u00eddas para a cidade de Timon, onde foram \u201cjulgadas\u201d pelos membros de uma das fac\u00e7\u00f5es.<\/p>\n\n\n\n<p>Como \u201cpena\u201d, elas tiveram de cavar as pr\u00f3prias covas, foram espancadas com golpes de facada, pauladas, e assassinadas. O crime foi filmado pelos pr\u00f3prios criminosos. Uma delas, segundo a Pol\u00edcia Civil, poderia ainda estar viva quando foi enterrada.<\/p>\n\n\n\n<h2>Rela\u00e7\u00e3o entre os crimes<\/h2>\n\n\n\n<figure class=\"wp-block-image\"><img decoding=\"async\" src=\"https:\/\/s2.glbimg.com\/oItM9Wlf-jSMjm7xSHaQFFuK2eA=\/0x0:450x425\/984x0\/smart\/filters:strip_icc()\/i.s3.glbimg.com\/v1\/AUTH_59edd422c0c84a879bd37670ae4f538a\/internal_photos\/bs\/2021\/d\/b\/fQv6kxQ4WdjSGmMCdqdQ\/giselle.jpg\" alt=\"Giselle Vit\u00f3ria da Silva Sampaio, de 17 anos, continua desaparecida \u2014 Foto: Reprodu\u00e7\u00e3o\"\/><figcaption>Giselle Vit\u00f3ria da Silva Sampaio, de 17 anos, continua desaparecida \u2014 Foto: Reprodu\u00e7\u00e3o<\/figcaption><\/figure>\n\n\n\n<p>Ao <strong>G1<\/strong>, o delegado Ant\u00f4nio Valente disse acreditar que as mortes das adolescentes achadas enterradas em Timon tem rela\u00e7\u00e3o com o desaparecimento de Giselle Vit\u00f3ria da Silva Sampaio, de 17 anos, vista pela \u00faltima vez no dia 8 de mar\u00e7o.<\/p>\n\n\n\n<p>Para o delegado, a rela\u00e7\u00e3o entre os crimes ainda precisa ser esclarecida. &#8220;A Giselle era amiga da Joyce Ellen, elas sa\u00edam juntas. Tem uma vertente que a gente acha que tem uma rela\u00e7\u00e3o entre os dois crimes sim, mas precisamos trabalhar para ter essa confirma\u00e7\u00e3o&#8221;, explicou.<\/p>\n\n\n\n<p>Um v\u00eddeo que circulou nas redes sociais mostrava Joyce e Maria Eduarda cavando uma cova. Nas imagens, uma mulher perguntava: &#8220;Quem foi que pegou a irm\u00e3? A Sereia?&#8221;. Elas indicaram o nome de um rapaz, que segundo o delegado Valente, tamb\u00e9m \u00e9 investigado pela Pol\u00edcia Civil do Piau\u00ed.<\/p>\n\n\n\n<p>&#8220;Sereia \u00e9 o apelido da Giselle. O v\u00eddeo \u00e9 mais um ind\u00edcio da rela\u00e7\u00e3o entre os crimes, j\u00e1 que foi questionado o paradeiro dela&#8221;, destacou.<\/p>\n\n\n\n<p>No \u00faltimo contato que Giselle fez com a fam\u00edlia, por mensagens, ela afirmou que seria morta e pediu para ver o filho, de 2 anos. A fam\u00edlia acredita que jovem foi sequestrada e assassinada.<\/p>\n\n\n\n<p>&#8220;Cad\u00ea o meu filho? V\u00e3o me matar&#8221;, foi a mensagem enviada por ela, segundo a m\u00e3e.<\/p>\n\n\n\n<h2>Mortes investigadas em Teresina<\/h2>\n\n\n\n<p>Outras duas mulheres foram mortas em Teresina no mesmo per\u00edodo. S\u00e3o elas: Valdirene Melo, achada morta em 12 de abril, e Tatiana Graziela, encontrada morta em 25 de abril.&nbsp;At\u00e9 o momento, segundo as pol\u00edcias do Piau\u00ed e Maranh\u00e3o, essas mortes n\u00e3o t\u00eam rela\u00e7\u00e3o com os homic\u00eddios ocorridos em Timon.<\/p>\n\n\n\n<p>&#8220;N\u00e3o podemos afirmar que est\u00e3o relacionados, mas tudo est\u00e1 sendo investigado. Podemos dizer que as investiga\u00e7\u00f5es dos casos da morte da Valdirene e da Tatiana j\u00e1 est\u00e3o mais avan\u00e7adas. No caso da Valdirene, apuramos que a morte estava relacionada com a participa\u00e7\u00e3o dela em crimes. Quanto \u00e0 morte da Tatiana, podemos at\u00e9 chegar \u00e0 conclus\u00e3o de um feminic\u00eddio, mas n\u00e3o posso afirmar isso por enquanto&#8221;, disse a delegada Luana Alves, respons\u00e1vel pelos casos.<\/p>\n\n\n\n<ul><li><strong>Valdirene Melo<\/strong><\/li><\/ul>\n\n\n\n<figure class=\"wp-block-image\"><img decoding=\"async\" src=\"https:\/\/s2.glbimg.com\/H5caUEzIFq_2-e5sjTIOWZG0dxY=\/0x0:790x600\/984x0\/smart\/filters:strip_icc()\/i.s3.glbimg.com\/v1\/AUTH_59edd422c0c84a879bd37670ae4f538a\/internal_photos\/bs\/2021\/i\/V\/uk0ofeSn2RiBdEvxa1qw\/valdirene-1.jpg\" alt=\"Valdirene Melo foi achada morta no dia 12 de abril \u2014 Foto: Reprodu\u00e7\u00e3o\"\/><figcaption>Valdirene Melo foi achada morta no dia 12 de abril \u2014 Foto: Reprodu\u00e7\u00e3o<\/figcaption><\/figure>\n\n\n\n<p>Valdirene Melo de Jesus, de 27 anos, foi achada morta em 12 de abril. Ela era vizinha da m\u00e3e de Gisele, mas a fam\u00edlia n\u00e3o sabe se ela tinha uma rela\u00e7\u00e3o pr\u00f3xima com a adolescente. A Pol\u00edcia Civil acredita que os casos n\u00e3o estejam relacionados.<\/p>\n\n\n\n<p>Valdirene foi encontrada morta \u00e0s margens do rio Poti, no bairro Mocambinho, depois que a Pol\u00edcia Militar foi acionada por den\u00fancias de que havia uma mulher em c\u00e1rcere privado na regi\u00e3o.<\/p>\n\n\n\n<p>Ao chegar ao local, os policiais encontraram homens abrindo uma cova. Eles trocaram tiros com os policiais e conseguiram fugir. A pol\u00edcia encontrou a cova vazia e, a 500 metros de dist\u00e2ncia, o corpo de Valdirene.<\/p>\n\n\n\n<p>Valdirene teria sido mantida em c\u00e1rcere privado e torturada por v\u00e1rios dias antes de ser morta.<\/p>\n\n\n\n<ul><li><strong>Tatiana Graziela<\/strong><\/li><\/ul>\n\n\n\n<figure class=\"wp-block-image\"><img decoding=\"async\" src=\"https:\/\/s2.glbimg.com\/URgC7ea_0gJngpFLThXOrH57j5I=\/0x0:614x341\/984x0\/smart\/filters:strip_icc()\/i.s3.glbimg.com\/v1\/AUTH_59edd422c0c84a879bd37670ae4f538a\/internal_photos\/bs\/2021\/2\/q\/Si1ryGTaSk9TIt6bTJyQ\/adolescente-vitima1.jpg\" alt=\"Adolescente Tatiana Graziela foi v\u00edtima de afogamento ou estrangulamento em Teresina, diz pol\u00edcia  \u2014 Foto: Reprodu\u00e7\u00e3o\/TV Clube\"\/><figcaption>Adolescente Tatiana Graziela foi v\u00edtima de afogamento ou estrangulamento em Teresina, diz pol\u00edcia \u2014 Foto: Reprodu\u00e7\u00e3o\/TV Clube<\/figcaption><\/figure>\n\n\n\n<p>No dia 25 de abril, policiais encontraram o corpo de Tatiana Graziela Rodrigues, de 16 anos, desaparecida havia cinco dias. A adolescente estava enterrada tamb\u00e9m \u00e0s margens do rio Poti, regi\u00e3o pr\u00f3xima ao local onde foi encontrado o corpo de Valdirene Melo.<\/p>\n\n\n\n<p>A fam\u00edlia de Giselle n\u00e3o conhecia Tatiana, mas soube que havia uma rela\u00e7\u00e3o entre ela e um rapaz com o mesmo nome mencionado como suspeito do desaparecimento de Giselle.<\/p>\n\n\n\n<p>No dia 23 de abril, a Pol\u00edcia Civil divulgou o nome de um suspeito de participar da morte de Tatiana, identificado como Ryan Rodrigues Paiva. A Pol\u00edcia Civil n\u00e3o confirmou, at\u00e9 o momento, que o suspeito seja a mesma pessoa envolvida nos dois casos.<\/p>\n\n\n\n<p><strong>Fonte: G1 PI<\/strong><\/p>\n","protected":false},"excerpt":{"rendered":"<p>O delegado Ant\u00f4nio Valente, respons\u00e1vel por investigar a morte de duas adolescentes que foram obrigadas a cavar as pr\u00f3prias covas, ouviu nesta quinta-feira (13) a suspeita de ordenar os assassinatos. Ela prestou depoimento na Delegacia de Homic\u00eddio e Prote\u00e7\u00e3o \u00e0 Pessoa (DHPP) em Timon, no Maranh\u00e3o. Ao&nbsp;G1, o delegado explicou que a suspeita tinha um [&hellip;]<\/p>\n","protected":false},"author":1,"featured_media":22438,"comment_status":"open","ping_status":"open","sticky":false,"template":"","format":"standard","meta":{"beyondwords_generate_audio":"","beyondwords_project_id":"","beyondwords_podcast_id":"","beyondwords_hash":"","beyondwords_error_message":"","beyondwords_disabled":"","publish_post_to_speechkit":"","speechkit_generate_audio":"","speechkit_project_id":"","speechkit_podcast_id":"","speechkit_hash":"","speechkit_error_message":"","speechkit_disabled":"","speechkit_access_key":"","speechkit_error":"","speechkit_info":"","speechkit_response":"","speechkit_retries":"","_speechkit_link":"","_speechkit_text":""},"categories":[51,78,81],"tags":[149,8187,8140,888,44,6273,542,2583,91,8315,8141,1052,362,473],"jetpack_featured_media_url":"","_links":{"self":[{"href":"https:\/\/pinews.com.br\/index.php\/wp-json\/wp\/v2\/posts\/22437"}],"collection":[{"href":"https:\/\/pinews.com.br\/index.php\/wp-json\/wp\/v2\/posts"}],"about":[{"href":"https:\/\/pinews.com.br\/index.php\/wp-json\/wp\/v2\/types\/post"}],"author":[{"embeddable":true,"href":"https:\/\/pinews.com.br\/index.php\/wp-json\/wp\/v2\/users\/1"}],"replies":[{"embeddable":true,"href":"https:\/\/pinews.com.br\/index.php\/wp-json\/wp\/v2\/comments?post=22437"}],"version-history":[{"count":0,"href":"https:\/\/pinews.com.br\/index.php\/wp-json\/wp\/v2\/posts\/22437\/revisions"}],"wp:featuredmedia":[{"embeddable":true,"href":"https:\/\/pinews.com.br\/index.php\/wp-json\/"}],"wp:attachment":[{"href":"https:\/\/pinews.com.br\/index.php\/wp-json\/wp\/v2\/media?parent=22437"}],"wp:term":[{"taxonomy":"category","embeddable":true,"href":"https:\/\/pinews.com.br\/index.php\/wp-json\/wp\/v2\/categories?post=22437"},{"taxonomy":"post_tag","embeddable":true,"href":"https:\/\/pinews.com.br\/index.php\/wp-json\/wp\/v2\/tags?post=22437"}],"curies":[{"name":"wp","href":"https:\/\/api.w.org\/{rel}","templated":true}]}}