{"id":22441,"date":"2021-05-14T09:32:16","date_gmt":"2021-05-14T12:32:16","guid":{"rendered":"https:\/\/pinews.com.br\/?p=22441"},"modified":"2021-05-14T09:32:16","modified_gmt":"2021-05-14T12:32:16","slug":"enem-2021-so-devera-ser-realizado-em-janeiro-do-ano-que-vem","status":"publish","type":"post","link":"https:\/\/pinews.com.br\/index.php\/2021\/05\/14\/enem-2021-so-devera-ser-realizado-em-janeiro-do-ano-que-vem\/","title":{"rendered":"Enem 2021 s\u00f3 dever\u00e1 ser realizado em janeiro do ano que vem"},"content":{"rendered":"\n<p>O Exame Nacional do Ensino M\u00e9dio (Enem) dever\u00e1 ser aplicado s\u00f3 em janeiro do ano que vem. A informa\u00e7\u00e3o foi repassada pelo presidente do Instituto Nacional de Estudos e Pesquisas Educacionais (Inep), Danilo Dupas, ao Conselho Nacional da Educa\u00e7\u00e3o (CNE).<\/p>\n\n\n\n<p>Segundo a presidente do CNE, Maria Helena Guimar\u00e3es de Castro, Danilo Dupas disse haver problemas no or\u00e7amento para a realiza\u00e7\u00e3o da prova. Uma portaria sobre o Enem dever\u00e1 ser publicada nesta sexta-feira, 13.<\/p>\n\n\n\n<p>Al\u00e9m disso, uma vers\u00e3o apenas com uma amostra de estudantes do Sistema de Avalia\u00e7\u00e3o da Educa\u00e7\u00e3o B\u00e1sica (Saeb) ser\u00e1 feita em novembro. O Inep n\u00e3o havia confirmado ainda se realizaria o exame este ano, o que levou a cr\u00edticas de educadores. A prova2 \u00e9 importante para manter a s\u00e9rie hist\u00f3rica de avalia\u00e7\u00f5es no Pa\u00eds e para diagnosticar os d\u00e9ficits por causa do tempo de escolas fechadas na pandemia. \u00c9 a partir do Saeb que \u00e9 feito o \u00cdndice de Desenvolvimento da Educa\u00e7\u00e3o B\u00e1sica (Ideb).<\/p>\n\n\n\n<p>Uma portaria nesta quarta-feira, 11, com as metas do Inep n\u00e3o inclu\u00eda a aplica\u00e7\u00e3o do Enem, o que levantou d\u00favidas sobre a realiza\u00e7\u00e3o do exame este ano.<\/p>\n\n\n\n<p>O Inep, \u00f3rg\u00e3o ligado ao MEC, \u00e9 o respons\u00e1vel pela aplica\u00e7\u00e3o da prova. Dupas assumiu a presid\u00eancia do Inep este ano, logo ap\u00f3s a realiza\u00e7\u00e3o da edi\u00e7\u00e3o de 2020 do teste.<\/p>\n\n\n\n<p>A prova relativa a 2020 foi adiada em fun\u00e7\u00e3o da pandemia e realizada s\u00f3 em janeiro de 2021, com absten\u00e7\u00e3o recorde de alunos.<\/p>\n\n\n\n<p><strong>Fonte: Estad\u00e3o Conte\u00fado<\/strong><\/p>\n","protected":false},"excerpt":{"rendered":"<p>O Exame Nacional do Ensino M\u00e9dio (Enem) dever\u00e1 ser aplicado s\u00f3 em janeiro do ano que vem. A informa\u00e7\u00e3o foi repassada pelo presidente do Instituto Nacional de Estudos e Pesquisas Educacionais (Inep), Danilo Dupas, ao Conselho Nacional da Educa\u00e7\u00e3o (CNE). Segundo a presidente do CNE, Maria Helena Guimar\u00e3es de Castro, Danilo Dupas disse haver problemas [&hellip;]<\/p>\n","protected":false},"author":1,"featured_media":22442,"comment_status":"open","ping_status":"open","sticky":false,"template":"","format":"standard","meta":{"beyondwords_generate_audio":"","beyondwords_project_id":"","beyondwords_podcast_id":"","beyondwords_hash":"","beyondwords_error_message":"","beyondwords_disabled":"","publish_post_to_speechkit":"","speechkit_generate_audio":"","speechkit_project_id":"","speechkit_podcast_id":"","speechkit_hash":"","speechkit_error_message":"","speechkit_disabled":"","speechkit_access_key":"","speechkit_error":"","speechkit_info":"","speechkit_response":"","speechkit_retries":"","_speechkit_link":"","_speechkit_text":""},"categories":[394,134],"tags":[2254,602,6714,46,395,1787,8316,139,5530,6649],"jetpack_featured_media_url":"","_links":{"self":[{"href":"https:\/\/pinews.com.br\/index.php\/wp-json\/wp\/v2\/posts\/22441"}],"collection":[{"href":"https:\/\/pinews.com.br\/index.php\/wp-json\/wp\/v2\/posts"}],"about":[{"href":"https:\/\/pinews.com.br\/index.php\/wp-json\/wp\/v2\/types\/post"}],"author":[{"embeddable":true,"href":"https:\/\/pinews.com.br\/index.php\/wp-json\/wp\/v2\/users\/1"}],"replies":[{"embeddable":true,"href":"https:\/\/pinews.com.br\/index.php\/wp-json\/wp\/v2\/comments?post=22441"}],"version-history":[{"count":0,"href":"https:\/\/pinews.com.br\/index.php\/wp-json\/wp\/v2\/posts\/22441\/revisions"}],"wp:featuredmedia":[{"embeddable":true,"href":"https:\/\/pinews.com.br\/index.php\/wp-json\/"}],"wp:attachment":[{"href":"https:\/\/pinews.com.br\/index.php\/wp-json\/wp\/v2\/media?parent=22441"}],"wp:term":[{"taxonomy":"category","embeddable":true,"href":"https:\/\/pinews.com.br\/index.php\/wp-json\/wp\/v2\/categories?post=22441"},{"taxonomy":"post_tag","embeddable":true,"href":"https:\/\/pinews.com.br\/index.php\/wp-json\/wp\/v2\/tags?post=22441"}],"curies":[{"name":"wp","href":"https:\/\/api.w.org\/{rel}","templated":true}]}}