{"id":22474,"date":"2021-05-15T11:31:57","date_gmt":"2021-05-15T14:31:57","guid":{"rendered":"https:\/\/pinews.com.br\/?p=22474"},"modified":"2021-05-15T11:31:57","modified_gmt":"2021-05-15T14:31:57","slug":"alepi-aprova-projeto-que-inclui-gestantes-puerperas-e-lactantes-como-prioridade-na-vacinacao-contra-a-covid-19","status":"publish","type":"post","link":"https:\/\/pinews.com.br\/index.php\/2021\/05\/15\/alepi-aprova-projeto-que-inclui-gestantes-puerperas-e-lactantes-como-prioridade-na-vacinacao-contra-a-covid-19\/","title":{"rendered":"Alepi aprova projeto que inclui gestantes, pu\u00e9rperas e lactantes como prioridade na vacina\u00e7\u00e3o contra a Covid-19"},"content":{"rendered":"\n<p>A Assembleia Legislativa do Piau\u00ed (Alepi) aprovou na quinta-feira (13) um projeto de lei que estabelece prioridade na vacina\u00e7\u00e3o contra a Covid-19 de gestantes, pu\u00e9rperas e lactantes no estado do Piau\u00ed. O projeto \u00e9 de autoria do deputado estadual Francisco Costa (PT).<\/p>\n\n\n\n<p>Desde o dia 26 de abril, estava sendo realizada no Brasil a vacina\u00e7\u00e3o de todas as gr\u00e1vidas e pu\u00e9rperas (mulheres no per\u00edodo p\u00f3s-parto), mas na \u00faltima ter\u00e7a-feira (11), o Minist\u00e9rio da Sa\u00fade decidiu que a vacina\u00e7\u00e3o ser\u00e1 restrita somente as que possuem comorbidades. Elas devem receber apenas as vacinas CoronaVac e Pfizer.<\/p>\n\n\n\n<p>O projeto de lei aprovado na Alepi garante a vacina\u00e7\u00e3o de gr\u00e1vidas, pu\u00e9rperas mesmo que elas n\u00e3o tenham comorbidades, e ainda inclui as lactantes (mulheres que est\u00e3o amamentando) na lista de prioridade.<\/p>\n\n\n\n<p>A proposi\u00e7\u00e3o ser\u00e1 encaminhada ao governador Wellington Dias (PT) que ir\u00e1 decidir se vai sancionar ou n\u00e3o a proposta.<\/p>\n\n\n\n<p>Em sua justificativa para a aprova\u00e7\u00e3o do projeto, o deputado Francisco Costa afirmou que em 2020 o estado do Piau\u00ed teve 875 gestantes com Covid-19, sendo que 6 \u00f3bitos foram causados pela doen\u00e7a.<\/p>\n\n\n\n<p>O parlamentar ainda destacou que as evid\u00eancias cient\u00edficas demonstram que entre 8 a 11% das gestantes, pu\u00e9rperas, e lactantes que pegam a doen\u00e7a precisam de hospitaliza\u00e7\u00e3o, sendo que de 2 a 5% v\u00e3o precisar de terapia intensiva.<\/p>\n\n\n\n<p><strong>Fonte: G1 PI<\/strong><\/p>\n","protected":false},"excerpt":{"rendered":"<p>A Assembleia Legislativa do Piau\u00ed (Alepi) aprovou na quinta-feira (13) um projeto de lei que estabelece prioridade na vacina\u00e7\u00e3o contra a Covid-19 de gestantes, pu\u00e9rperas e lactantes no estado do Piau\u00ed. O projeto \u00e9 de autoria do deputado estadual Francisco Costa (PT). Desde o dia 26 de abril, estava sendo realizada no Brasil a vacina\u00e7\u00e3o [&hellip;]<\/p>\n","protected":false},"author":1,"featured_media":22475,"comment_status":"open","ping_status":"open","sticky":false,"template":"","format":"standard","meta":{"beyondwords_generate_audio":"","beyondwords_project_id":"","beyondwords_podcast_id":"","beyondwords_hash":"","beyondwords_error_message":"","beyondwords_disabled":"","publish_post_to_speechkit":"","speechkit_generate_audio":"","speechkit_project_id":"","speechkit_podcast_id":"","speechkit_hash":"","speechkit_error_message":"","speechkit_disabled":"","speechkit_access_key":"","speechkit_error":"","speechkit_info":"","speechkit_response":"","speechkit_retries":"","_speechkit_link":"","_speechkit_text":""},"categories":[51,1288],"tags":[7887,1209,420,294,5307,8324,8325,8326,91,7758,1030,8327,347],"jetpack_featured_media_url":"","_links":{"self":[{"href":"https:\/\/pinews.com.br\/index.php\/wp-json\/wp\/v2\/posts\/22474"}],"collection":[{"href":"https:\/\/pinews.com.br\/index.php\/wp-json\/wp\/v2\/posts"}],"about":[{"href":"https:\/\/pinews.com.br\/index.php\/wp-json\/wp\/v2\/types\/post"}],"author":[{"embeddable":true,"href":"https:\/\/pinews.com.br\/index.php\/wp-json\/wp\/v2\/users\/1"}],"replies":[{"embeddable":true,"href":"https:\/\/pinews.com.br\/index.php\/wp-json\/wp\/v2\/comments?post=22474"}],"version-history":[{"count":0,"href":"https:\/\/pinews.com.br\/index.php\/wp-json\/wp\/v2\/posts\/22474\/revisions"}],"wp:featuredmedia":[{"embeddable":true,"href":"https:\/\/pinews.com.br\/index.php\/wp-json\/"}],"wp:attachment":[{"href":"https:\/\/pinews.com.br\/index.php\/wp-json\/wp\/v2\/media?parent=22474"}],"wp:term":[{"taxonomy":"category","embeddable":true,"href":"https:\/\/pinews.com.br\/index.php\/wp-json\/wp\/v2\/categories?post=22474"},{"taxonomy":"post_tag","embeddable":true,"href":"https:\/\/pinews.com.br\/index.php\/wp-json\/wp\/v2\/tags?post=22474"}],"curies":[{"name":"wp","href":"https:\/\/api.w.org\/{rel}","templated":true}]}}