{"id":22494,"date":"2021-05-16T11:16:40","date_gmt":"2021-05-16T14:16:40","guid":{"rendered":"https:\/\/pinews.com.br\/?p=22494"},"modified":"2021-05-16T11:16:40","modified_gmt":"2021-05-16T14:16:40","slug":"morre-o-prefeito-de-sao-paulo-bruno-covas","status":"publish","type":"post","link":"https:\/\/pinews.com.br\/index.php\/2021\/05\/16\/morre-o-prefeito-de-sao-paulo-bruno-covas\/","title":{"rendered":"Morre o prefeito de S\u00e3o Paulo, Bruno Covas"},"content":{"rendered":"\n<p>O prefeito de S\u00e3o Paulo, Bruno Covas, morreu \u00e0s 8h20 deste domingo (16), em decorr\u00eancia do c\u00e2ncer da transi\u00e7\u00e3o es\u00f4fago-g\u00e1strica e complica\u00e7\u00f5es do tratamento. O vel\u00f3rio ser\u00e1 fechado, com a presen\u00e7a apenas para a fam\u00edlia, mas haver\u00e1 tamb\u00e9m uma cerim\u00f4nia na prefeitura.<br><br>Licenciado do cargo no in\u00edcio deste m\u00eas, Bruno Covas estava em tratamento no Hospital S\u00edrio-Liban\u00eas, na capital paulista.<img decoding=\"async\" src=\"https:\/\/agenciabrasil.ebc.com.br\/ebc.png?id=1409820&amp;o=node\"><img decoding=\"async\" src=\"https:\/\/agenciabrasil.ebc.com.br\/ebc.gif?id=1409820&amp;o=node\"><\/p>\n\n\n\n<p>Filho de Pedro Lopes e Renata Covas Lopes e pai do jovem Tom\u00e1s Covas, Bruno nasceu em Santos, no litoral paulista, no dia 7 de abril de 1980, e foi advogado, economista e pol\u00edtico brasileiro.<\/p>\n\n\n\n<p>Mudou-se para a capital paulista em 1995 e, dois anos depois, filiou-se ao PSDB, seguindo os passos do av\u00f4, o ex-governador M\u00e1rio Covas (1930-2001), sua grande inspira\u00e7\u00e3o e influ\u00eancia pol\u00edtica . No partido, chegou a ser presidente estadual e nacional da Juventude do PSDB e ocupou cargos na Executiva Estadual.<br><br>Sua carreira na pol\u00edtica come\u00e7ou em 2004, quando se candidatou a vice-prefeito de sua cidade natal. Dois anos depois, foi eleito deputado estadual na Assembleia Legislativa de S\u00e3o Paulo e reeleito para o mesmo cargo e m 2010, com mais de 239 mil votos, sendo o mais votado d aquele ano.<br><br>No ano seguinte, assumiu a Secretaria Estadual do Meio Ambiente no governo de Geraldo Alckmin, permanecendo no cargo at\u00e9 2014, quando foi eleito deputado federal para o mandato 2015-2019.<\/p>\n\n\n\n<p><strong>Fonte: Ag\u00eancia Brasil<\/strong><\/p>\n","protected":false},"excerpt":{"rendered":"<p>O prefeito de S\u00e3o Paulo, Bruno Covas, morreu \u00e0s 8h20 deste domingo (16), em decorr\u00eancia do c\u00e2ncer da transi\u00e7\u00e3o es\u00f4fago-g\u00e1strica e complica\u00e7\u00f5es do tratamento. O vel\u00f3rio ser\u00e1 fechado, com a presen\u00e7a apenas para a fam\u00edlia, mas haver\u00e1 tamb\u00e9m uma cerim\u00f4nia na prefeitura. Licenciado do cargo no in\u00edcio deste m\u00eas, Bruno Covas estava em tratamento no [&hellip;]<\/p>\n","protected":false},"author":1,"featured_media":22495,"comment_status":"open","ping_status":"open","sticky":false,"template":"","format":"standard","meta":{"beyondwords_generate_audio":"","beyondwords_project_id":"","beyondwords_podcast_id":"","beyondwords_hash":"","beyondwords_error_message":"","beyondwords_disabled":"","publish_post_to_speechkit":"","speechkit_generate_audio":"","speechkit_project_id":"","speechkit_podcast_id":"","speechkit_hash":"","speechkit_error_message":"","speechkit_disabled":"","speechkit_access_key":"","speechkit_error":"","speechkit_info":"","speechkit_response":"","speechkit_retries":"","_speechkit_link":"","_speechkit_text":""},"categories":[134],"tags":[1309,8140,44,119,742,889,362],"jetpack_featured_media_url":"","_links":{"self":[{"href":"https:\/\/pinews.com.br\/index.php\/wp-json\/wp\/v2\/posts\/22494"}],"collection":[{"href":"https:\/\/pinews.com.br\/index.php\/wp-json\/wp\/v2\/posts"}],"about":[{"href":"https:\/\/pinews.com.br\/index.php\/wp-json\/wp\/v2\/types\/post"}],"author":[{"embeddable":true,"href":"https:\/\/pinews.com.br\/index.php\/wp-json\/wp\/v2\/users\/1"}],"replies":[{"embeddable":true,"href":"https:\/\/pinews.com.br\/index.php\/wp-json\/wp\/v2\/comments?post=22494"}],"version-history":[{"count":0,"href":"https:\/\/pinews.com.br\/index.php\/wp-json\/wp\/v2\/posts\/22494\/revisions"}],"wp:featuredmedia":[{"embeddable":true,"href":"https:\/\/pinews.com.br\/index.php\/wp-json\/"}],"wp:attachment":[{"href":"https:\/\/pinews.com.br\/index.php\/wp-json\/wp\/v2\/media?parent=22494"}],"wp:term":[{"taxonomy":"category","embeddable":true,"href":"https:\/\/pinews.com.br\/index.php\/wp-json\/wp\/v2\/categories?post=22494"},{"taxonomy":"post_tag","embeddable":true,"href":"https:\/\/pinews.com.br\/index.php\/wp-json\/wp\/v2\/tags?post=22494"}],"curies":[{"name":"wp","href":"https:\/\/api.w.org\/{rel}","templated":true}]}}