{"id":22528,"date":"2021-05-17T10:31:12","date_gmt":"2021-05-17T13:31:12","guid":{"rendered":"https:\/\/pinews.com.br\/?p=22528"},"modified":"2021-05-17T10:31:12","modified_gmt":"2021-05-17T13:31:12","slug":"prf-recupera-na-br-230-veiculo-roubado-na-cidade-de-floriano","status":"publish","type":"post","link":"https:\/\/pinews.com.br\/index.php\/2021\/05\/17\/prf-recupera-na-br-230-veiculo-roubado-na-cidade-de-floriano\/","title":{"rendered":"PRF recupera na BR-230 ve\u00edculo roubado na cidade de Floriano"},"content":{"rendered":"\n<p>Na tarde de s\u00e1bado (15), a Pol\u00edcia Rodovi\u00e1ria Federal (PRF) prendeu um homem e recuperou na BR-230, na altura da cidade de Floriano, um carro que havia sido roubado na \u00faltima quinta-feira (13).<\/p>\n\n\n\n<p>De acordo com informa\u00e7\u00f5es da PRF, os agentes realizavam fiscaliza\u00e7\u00e3o de rotina na rodovia quando abordaram um ve\u00edculo modelo FIAT\/STRADA WORKING, de cor branca, conduzido por um homem de 35 anos que n\u00e3o teve a identidade revelada.<\/p>\n\n\n\n<p>Segundo a Pol\u00edcia Rodovi\u00e1ria, o motorista estava bastante nervoso durante a abordagem. Ao analisar os elementos de identifica\u00e7\u00e3o do carro, foi constatado que o ve\u00edculo possu\u00eda restri\u00e7\u00e3o de roubo\/furto com data da \u00faltima quinta-feira (13), em Floriano.<\/p>\n\n\n\n<p>Ainda conforme a PRF, com o homem os agentes encontraram um celular, cart\u00f5es de cr\u00e9dito e tr\u00eas TVs, que seriam de um representante comercial da regi\u00e3o que foi roubado com uso de arma de fogo.<\/p>\n\n\n\n<p>Diante disso, o homem foi preso e encaminhado junto com o carro apreendido para a Pol\u00edcia Civil na cidade de Floriano e ir\u00e1 responder pelo crime de recepta\u00e7\u00e3o.<\/p>\n\n\n\n<p><strong>Fonte: Viagora<\/strong><\/p>\n","protected":false},"excerpt":{"rendered":"<p>Na tarde de s\u00e1bado (15), a Pol\u00edcia Rodovi\u00e1ria Federal (PRF) prendeu um homem e recuperou na BR-230, na altura da cidade de Floriano, um carro que havia sido roubado na \u00faltima quinta-feira (13). De acordo com informa\u00e7\u00f5es da PRF, os agentes realizavam fiscaliza\u00e7\u00e3o de rotina na rodovia quando abordaram um ve\u00edculo modelo FIAT\/STRADA WORKING, de [&hellip;]<\/p>\n","protected":false},"author":1,"featured_media":22529,"comment_status":"open","ping_status":"open","sticky":false,"template":"","format":"standard","meta":{"beyondwords_generate_audio":"","beyondwords_project_id":"","beyondwords_podcast_id":"","beyondwords_hash":"","beyondwords_error_message":"","beyondwords_disabled":"","publish_post_to_speechkit":"","speechkit_generate_audio":"","speechkit_project_id":"","speechkit_podcast_id":"","speechkit_hash":"","speechkit_error_message":"","speechkit_disabled":"","speechkit_access_key":"","speechkit_error":"","speechkit_info":"","speechkit_response":"","speechkit_retries":"","_speechkit_link":"","_speechkit_text":""},"categories":[51,78],"tags":[171,63,44,666,91,104,937,5408,158],"jetpack_featured_media_url":"","_links":{"self":[{"href":"https:\/\/pinews.com.br\/index.php\/wp-json\/wp\/v2\/posts\/22528"}],"collection":[{"href":"https:\/\/pinews.com.br\/index.php\/wp-json\/wp\/v2\/posts"}],"about":[{"href":"https:\/\/pinews.com.br\/index.php\/wp-json\/wp\/v2\/types\/post"}],"author":[{"embeddable":true,"href":"https:\/\/pinews.com.br\/index.php\/wp-json\/wp\/v2\/users\/1"}],"replies":[{"embeddable":true,"href":"https:\/\/pinews.com.br\/index.php\/wp-json\/wp\/v2\/comments?post=22528"}],"version-history":[{"count":0,"href":"https:\/\/pinews.com.br\/index.php\/wp-json\/wp\/v2\/posts\/22528\/revisions"}],"wp:featuredmedia":[{"embeddable":true,"href":"https:\/\/pinews.com.br\/index.php\/wp-json\/"}],"wp:attachment":[{"href":"https:\/\/pinews.com.br\/index.php\/wp-json\/wp\/v2\/media?parent=22528"}],"wp:term":[{"taxonomy":"category","embeddable":true,"href":"https:\/\/pinews.com.br\/index.php\/wp-json\/wp\/v2\/categories?post=22528"},{"taxonomy":"post_tag","embeddable":true,"href":"https:\/\/pinews.com.br\/index.php\/wp-json\/wp\/v2\/tags?post=22528"}],"curies":[{"name":"wp","href":"https:\/\/api.w.org\/{rel}","templated":true}]}}