{"id":22589,"date":"2021-05-18T19:27:46","date_gmt":"2021-05-18T22:27:46","guid":{"rendered":"https:\/\/pinews.com.br\/?p=22589"},"modified":"2021-05-18T19:27:46","modified_gmt":"2021-05-18T22:27:46","slug":"covid-19-teresina-anuncia-vacinacao-de-pessoas-a-partir-de-18-anos-com-comorbidades","status":"publish","type":"post","link":"https:\/\/pinews.com.br\/index.php\/2021\/05\/18\/covid-19-teresina-anuncia-vacinacao-de-pessoas-a-partir-de-18-anos-com-comorbidades\/","title":{"rendered":"Covid-19: Teresina anuncia vacina\u00e7\u00e3o de pessoas a partir de 18 anos com comorbidades"},"content":{"rendered":"\n<p>Teresina ampliou para 18 anos, a faixa et\u00e1ria para pessoas com comorbidades se vacinarem contra a covid-19 na capital. O anuncio foi feito na tarde desta ter\u00e7a-feira pela Funda\u00e7\u00e3o Municipal de Sa\u00fade (FMS). At\u00e9 ontem, a idade m\u00ednima era de 40 anos. Para ter direito a vacina, a pessoa precisa ter alguma das doen\u00e7as listadas no plano nacional de vacina\u00e7\u00e3o ou defici\u00eancia permanente. O imunizante que ser\u00e1 aplicado \u00e9 o da Pfizer e por meio de agendamento no site&nbsp;&nbsp;<a href=\"http:\/\/vacinaja.fms.pmt.pi.gov.br\/\">http:\/\/vacinaja.fms.pmt.pi.gov.br<\/a>\/.<\/p>\n\n\n\n<p>Ao entrar no site, o paciente deve clicar no bot\u00e3o \u201cagendamento p\u00fablico-alvo\u201d, que levar\u00e1 a uma p\u00e1gina onde ele deve escolher o p\u00fablico ao qual ele pertence, inserir seus dados pessoais e ent\u00e3o escolher local, dia e hora da vacina\u00e7\u00e3o.<\/p>\n\n\n\n<p>\u201cAs pessoas devem se dirigir aos pontos com documento de identidade, CPF ou cart\u00e3o SUS; comprovante de endere\u00e7o que comprove que s\u00e3o residentes do munic\u00edpio de Teresina e mais um documento que comprove de que grupo elas fazem parte, no caso um laudo ou uma receita que deixe claro \u00e0 equipe de vacina\u00e7\u00e3o a que grupo pertencem\u201d, explica Emanuelle Dias, coordenadora da campanha de vacina\u00e7\u00e3o em Teresina.&nbsp;<\/p>\n\n\n\n<p>A vacina est\u00e1 dispon\u00edvel tamb\u00e9m para gestantes e pu\u00e9rperas com comorbidades, pessoas com transtorno do espectro autista, pessoas com s\u00edndrome de down e pessoas com paralisia cerebral, todas acima dos 18 anos de idade.&nbsp;<\/p>\n\n\n\n<p>O imunizante est\u00e1 dispon\u00edvel em pontos espec\u00edficos estabelecidos pela FMS como o Teresina Shopping, Centro Universit\u00e1rio Uninovafapi, Hospital da Primavera, Hospital do Buenos Aires, Hospital do Promorar e Hospital Universit\u00e1rio (HU).&nbsp;<\/p>\n\n\n\n<p>&#8220;A vacina da Pfizer requer estrutura complexa para a aplica\u00e7\u00e3o das doses. Para isso, montamos equipe m\u00e9dica de apoio no Teresina Shopping e na Uninovafapi&#8221;, comenta o presidente da FMS Gilberto Albuquerque.<\/p>\n\n\n\n<p>Segundo a FMS, para gestantes \u00e9 pedido que apresente o cart\u00e3o da gestante ou laudo m\u00e9dico, j\u00e1 para as pu\u00e9rperas, certid\u00e3o ou declara\u00e7\u00e3o de nascimento do beb\u00ea, al\u00e9m do laudo que comprove a comorbidade para ambos os grupos. Para pessoas com defici\u00eancia permanente, \u00e9 pedido um laudo m\u00e9dico que comprove sua condi\u00e7\u00e3o.<\/p>\n\n\n\n<p><strong>Confira a lista de comorbidades que t\u00eam direito \u00e0 vacina contra a covid-19. Mais informa\u00e7\u00f5es sobre cada uma delas est\u00e3o dispon\u00edveis no Plano Nacional de Imuniza\u00e7\u00e3o do Minist\u00e9rio da Sa\u00fade:<\/strong><\/p>\n\n\n\n<ul><li>Diabetes mellitus;<\/li><li>Pneumopatias cr\u00f4nicas graves;<\/li><li>Hipertens\u00e3o Arterial Resistente (HAR);<\/li><li>Hipertens\u00e3o arterial est\u00e1gio 3;<\/li><li>Hipertens\u00e3o arterial est\u00e1gios 1 e 2 com les\u00e3o em \u00f3rg\u00e3o-alvo e\/ou comorbidade;<\/li><li>Insufici\u00eancia card\u00edaca (IC);<\/li><li>Cor-pulmonale e Hipertens\u00e3o pulmonar;<\/li><li>Cardiopatia hipertensiva;<\/li><li>S\u00edndromes coronarianas;<\/li><li>Valvopatias;<\/li><li>Miocardiopatias e Pericardiopatias;<\/li><li>Doen\u00e7as da Aorta, dos Grandes Vasos e F\u00edstulas arteriovenosas;<\/li><li>Arritmias card\u00edacas;<\/li><li>Cardiopatias cong\u00eanita no adulto;<\/li><li>Pr\u00f3teses valvares e Dispositivos card\u00edacos implantados;<\/li><li>Doen\u00e7a cerebrovascular;<\/li><li>Doen\u00e7a renal cr\u00f4nica;<\/li><li>Imunossuprimidos;<\/li><li>Anemia falciforme;<\/li><li>Obesidade m\u00f3rbida;<\/li><li>S\u00edndrome de down;<\/li><li>Cirrose hep\u00e1tica.<\/li><\/ul>\n\n\n\n<p><strong>Fonte: H\u00e9rlon Moraes\/ Cidade Verde\/ Com informa\u00e7\u00f5es da FMS<\/strong><\/p>\n","protected":false},"excerpt":{"rendered":"<p>Teresina ampliou para 18 anos, a faixa et\u00e1ria para pessoas com comorbidades se vacinarem contra a covid-19 na capital. O anuncio foi feito na tarde desta ter\u00e7a-feira pela Funda\u00e7\u00e3o Municipal de Sa\u00fade (FMS). At\u00e9 ontem, a idade m\u00ednima era de 40 anos. Para ter direito a vacina, a pessoa precisa ter alguma das doen\u00e7as listadas [&hellip;]<\/p>\n","protected":false},"author":1,"featured_media":22590,"comment_status":"open","ping_status":"open","sticky":false,"template":"","format":"standard","meta":{"beyondwords_generate_audio":"","beyondwords_project_id":"","beyondwords_podcast_id":"","beyondwords_hash":"","beyondwords_error_message":"","beyondwords_disabled":"","publish_post_to_speechkit":"","speechkit_generate_audio":"","speechkit_project_id":"","speechkit_podcast_id":"","speechkit_hash":"","speechkit_error_message":"","speechkit_disabled":"","speechkit_access_key":"","speechkit_error":"","speechkit_info":"","speechkit_response":"","speechkit_retries":"","_speechkit_link":"","_speechkit_text":""},"categories":[51,1288,81],"tags":[981,82,3195,7893,5307,44,5303,259,187,347],"jetpack_featured_media_url":"","_links":{"self":[{"href":"https:\/\/pinews.com.br\/index.php\/wp-json\/wp\/v2\/posts\/22589"}],"collection":[{"href":"https:\/\/pinews.com.br\/index.php\/wp-json\/wp\/v2\/posts"}],"about":[{"href":"https:\/\/pinews.com.br\/index.php\/wp-json\/wp\/v2\/types\/post"}],"author":[{"embeddable":true,"href":"https:\/\/pinews.com.br\/index.php\/wp-json\/wp\/v2\/users\/1"}],"replies":[{"embeddable":true,"href":"https:\/\/pinews.com.br\/index.php\/wp-json\/wp\/v2\/comments?post=22589"}],"version-history":[{"count":0,"href":"https:\/\/pinews.com.br\/index.php\/wp-json\/wp\/v2\/posts\/22589\/revisions"}],"wp:featuredmedia":[{"embeddable":true,"href":"https:\/\/pinews.com.br\/index.php\/wp-json\/"}],"wp:attachment":[{"href":"https:\/\/pinews.com.br\/index.php\/wp-json\/wp\/v2\/media?parent=22589"}],"wp:term":[{"taxonomy":"category","embeddable":true,"href":"https:\/\/pinews.com.br\/index.php\/wp-json\/wp\/v2\/categories?post=22589"},{"taxonomy":"post_tag","embeddable":true,"href":"https:\/\/pinews.com.br\/index.php\/wp-json\/wp\/v2\/tags?post=22589"}],"curies":[{"name":"wp","href":"https:\/\/api.w.org\/{rel}","templated":true}]}}