{"id":22622,"date":"2021-05-19T19:28:15","date_gmt":"2021-05-19T22:28:15","guid":{"rendered":"https:\/\/pinews.com.br\/?p=22622"},"modified":"2021-05-19T19:28:15","modified_gmt":"2021-05-19T22:28:15","slug":"com-ubs-lotada-medica-atende-pacientes-embaixo-de-arvore-em-teresina","status":"publish","type":"post","link":"https:\/\/pinews.com.br\/index.php\/2021\/05\/19\/com-ubs-lotada-medica-atende-pacientes-embaixo-de-arvore-em-teresina\/","title":{"rendered":"Com UBS lotada, m\u00e9dica atende pacientes embaixo de \u00e1rvore em Teresina"},"content":{"rendered":"\n<p>A grande quantidade de pacientes na Unidade B\u00e1sica de Sa\u00fade Valdinar Pereira, no bairro Mocambinho, zona Norte de Teresina, fez a m\u00e9dica Andreia Ara\u00fajo Couto sair do consult\u00f3rio para atend\u00ea-los do lado de fora do posto para evitar aglomera\u00e7\u00e3o e diminuir os riscos de cont\u00e1gio pelo coronav\u00edrus.&nbsp;<\/p>\n\n\n\n<p>O ambiente aberto escolhido pela m\u00e9dica foi embaixo de uma \u00e1rvore, ao lado da UBS. Andreia Ara\u00fajo disse ao&nbsp;<em><strong>Cidadeverde.com<\/strong><\/em>&nbsp;que a Unidade B\u00e1sica de Sa\u00fade ficou lotada no fim da manh\u00e3 desta quarta-feira (19) com pacientes que buscavam vacina\u00e7\u00e3o da Gripe&nbsp; e laudos que comprovem comorbidades para terem acesso \u00e0 vacina contra a Covid-19.&nbsp;<\/p>\n\n\n\n<p>\u201cA UBS ficou lotada de pacientes. O povo em p\u00e9, aglomerado e n\u00e3o tem ventila\u00e7\u00e3o para isso. Em plena pandemia, com o risco de cont\u00e1gio do coronav\u00edrus. Eu falei que ia embora, que n\u00e3o atender em aglomera\u00e7\u00e3o porque seria uma irresponsabilidade de todos do posto de sa\u00fade, inclusive minha. Eu ia sair, mas meus pacientes pediram por favor para atender e decidi pegar minha mesa, coloquei embaixo da \u00e1rvore e comecei a atender l\u00e1\u201d, disse a m\u00e9dica.<\/p>\n\n\n\n<p><em>Fotos:obtidaspeloCidadeverde.com<\/em><\/p>\n\n\n\n<figure class=\"wp-block-image\"><img decoding=\"async\" src=\"https:\/\/cidadeverde.com\/assets\/uploads\/noticias\/92b449127bb2201545582fd171c562a8.jpg\" alt=\"\"\/><figcaption><em><em>Fotos:obtidaspeloCidadeverde.com<\/em><\/em><\/figcaption><\/figure>\n\n\n\n<figure class=\"wp-block-image\"><img decoding=\"async\" src=\"https:\/\/cidadeverde.com\/assets\/uploads\/noticias\/0f72e02473ebfe8eb91533b311bf511c.jpg\" alt=\"\"\/><figcaption><em>Fotos:obtidaspeloCidadeverde.com<\/em><\/figcaption><\/figure>\n\n\n\n<p>A doutora Andreia Ara\u00fajo \u00e9 a mesma m\u00e9dica que entrou no carro de um paciente idoso, na frente da UBS Valdinar Pereira e o acompanhou at\u00e9 o Hospital do Mocambinho em busca de oxig\u00eanio.<\/p>\n\n\n\n<p>\u201cDo&nbsp; mesmo jeito que entrei no carro do paciente pra lev\u00e1-lo a um hospital para ele n\u00e3o morrer, no mesmo posto de sa\u00fade tenho que ficar agora embaixo da \u00e1rvore pra me proteger e proteger meu paciente\u201d,acrescenta Andreia.<\/p>\n\n\n\n<p>A m\u00e9dica disse que o n\u00famero de pacientes aumentou devido \u00e0 busca por laudos de comorbidades. Por turno, uma m\u00e9dia de 75 pessoas s\u00e3o atendidas pelos m\u00e9dicos e equipe de enfermagem.<\/p>\n\n\n\n<figure class=\"wp-block-image\"><img decoding=\"async\" src=\"https:\/\/cidadeverde.com\/assets\/uploads\/noticias\/80b8dc22ce1d5929aa05de5885113126.jpg\" alt=\"\"\/><figcaption><em>Fotos:obtidaspeloCidadeverde.com<\/em><\/figcaption><\/figure>\n\n\n\n<p>\u201cA Funda\u00e7\u00e3o Municipal de Sa\u00fade tem que dar informa\u00e7\u00e3o para os pacientes. \u00c0s vezes, o paciente vai tomar a vacina e eles aceitam s\u00f3 laudo. Outras vezes pedem a receita e o laudo. Nisso ,os pacientes voltam para as UBSs. As pessoas ainda entram com os acompanhantes e lotam o posto de sa\u00fade. E muitas delas n\u00e3o t\u00eam direito ao laudo porque n\u00e3o possuem as comorbidades consideradas priorit\u00e1rias. Isso acaba sobrecarregando o posto de sa\u00fade\u201d, ressalta a m\u00e9dica.<\/p>\n\n\n\n<p>A Funda\u00e7\u00e3o Municipal de Sa\u00fade reconhece o aumento da demanda e informou, por meio de nota, que a diretoria de Aten\u00e7\u00e3o B\u00e1sica&nbsp; orientou os coordenadores da UBSs para que organizem novos fluxos de atendimento.<\/p>\n\n\n\n<blockquote class=\"wp-block-quote\"><p><em>&#8220;A Funda\u00e7\u00e3o Municipal de Sa\u00fade reconhece que existe um aumento na demanda por consultas nas UBS onde a popula\u00e7\u00e3o est\u00e1 buscando laudos para comprova\u00e7\u00e3o das comorbidades para a vacina\u00e7\u00e3o contra a Covid-19. A FMS segue o que o Minist\u00e9rio da Sa\u00fade exige no Plano de Vacina\u00e7\u00e3o que para algumas comorbidades apenas a receita serve como comprova\u00e7\u00e3o mas, para outras \u00e9 exigido laudo m\u00e9dico.Todas as UBS possuem consult\u00f3rios m\u00e9dicos para uso dos profissionais. A diretoria de Aten\u00e7\u00e3o B\u00e1sica j\u00e1 orientou os coordenadores para que organizem novos fluxos de atendimento para evitar aglomera\u00e7\u00f5es e que todos os protocolos do Minist\u00e9rio da Sa\u00fade de preven\u00e7\u00e3o \u00e0 Covid s\u00e3o seguidos&#8221;.<\/em><\/p><\/blockquote>\n\n\n\n<figure class=\"wp-block-embed-youtube wp-block-embed is-type-video is-provider-youtube wp-embed-aspect-16-9 wp-has-aspect-ratio\"><div class=\"wp-block-embed__wrapper\">\n<iframe loading=\"lazy\" title=\"Com UBS lotada, m\u00e9dica atende pacientes embaixo de \u00e1rvore\" width=\"1170\" height=\"658\" src=\"https:\/\/www.youtube.com\/embed\/3jT050G7-ME?feature=oembed\" frameborder=\"0\" allow=\"accelerometer; autoplay; clipboard-write; encrypted-media; gyroscope; picture-in-picture; web-share\" allowfullscreen><\/iframe>\n<\/div><\/figure>\n\n\n\n<p><strong>Fonte: Izabella Pimentel\/ Cidade Verde<\/strong><\/p>\n","protected":false},"excerpt":{"rendered":"<p>A grande quantidade de pacientes na Unidade B\u00e1sica de Sa\u00fade Valdinar Pereira, no bairro Mocambinho, zona Norte de Teresina, fez a m\u00e9dica Andreia Ara\u00fajo Couto sair do consult\u00f3rio para atend\u00ea-los do lado de fora do posto para evitar aglomera\u00e7\u00e3o e diminuir os riscos de cont\u00e1gio pelo coronav\u00edrus.&nbsp; O ambiente aberto escolhido pela m\u00e9dica foi embaixo [&hellip;]<\/p>\n","protected":false},"author":1,"featured_media":22623,"comment_status":"open","ping_status":"open","sticky":false,"template":"","format":"standard","meta":{"beyondwords_generate_audio":"","beyondwords_project_id":"","beyondwords_podcast_id":"","beyondwords_hash":"","beyondwords_error_message":"","beyondwords_disabled":"","publish_post_to_speechkit":"","speechkit_generate_audio":"","speechkit_project_id":"","speechkit_podcast_id":"","speechkit_hash":"","speechkit_error_message":"","speechkit_disabled":"","speechkit_access_key":"","speechkit_error":"","speechkit_info":"","speechkit_response":"","speechkit_retries":"","_speechkit_link":"","_speechkit_text":""},"categories":[51,81],"tags":[441,8293,44,46,7470,8371,5568,1964,187,1633],"jetpack_featured_media_url":"","_links":{"self":[{"href":"https:\/\/pinews.com.br\/index.php\/wp-json\/wp\/v2\/posts\/22622"}],"collection":[{"href":"https:\/\/pinews.com.br\/index.php\/wp-json\/wp\/v2\/posts"}],"about":[{"href":"https:\/\/pinews.com.br\/index.php\/wp-json\/wp\/v2\/types\/post"}],"author":[{"embeddable":true,"href":"https:\/\/pinews.com.br\/index.php\/wp-json\/wp\/v2\/users\/1"}],"replies":[{"embeddable":true,"href":"https:\/\/pinews.com.br\/index.php\/wp-json\/wp\/v2\/comments?post=22622"}],"version-history":[{"count":0,"href":"https:\/\/pinews.com.br\/index.php\/wp-json\/wp\/v2\/posts\/22622\/revisions"}],"wp:featuredmedia":[{"embeddable":true,"href":"https:\/\/pinews.com.br\/index.php\/wp-json\/"}],"wp:attachment":[{"href":"https:\/\/pinews.com.br\/index.php\/wp-json\/wp\/v2\/media?parent=22622"}],"wp:term":[{"taxonomy":"category","embeddable":true,"href":"https:\/\/pinews.com.br\/index.php\/wp-json\/wp\/v2\/categories?post=22622"},{"taxonomy":"post_tag","embeddable":true,"href":"https:\/\/pinews.com.br\/index.php\/wp-json\/wp\/v2\/tags?post=22622"}],"curies":[{"name":"wp","href":"https:\/\/api.w.org\/{rel}","templated":true}]}}