{"id":22626,"date":"2021-05-19T19:31:19","date_gmt":"2021-05-19T22:31:19","guid":{"rendered":"https:\/\/pinews.com.br\/?p=22626"},"modified":"2021-05-19T19:31:19","modified_gmt":"2021-05-19T22:31:19","slug":"alegrete-do-piaui-homem-e-preso-pela-prf-apos-ser-flagrado-na-posse-de-veiculo-que-havia-sido-tomado-de-assalto-ha-quase-sete-anos","status":"publish","type":"post","link":"https:\/\/pinews.com.br\/index.php\/2021\/05\/19\/alegrete-do-piaui-homem-e-preso-pela-prf-apos-ser-flagrado-na-posse-de-veiculo-que-havia-sido-tomado-de-assalto-ha-quase-sete-anos\/","title":{"rendered":"Alegrete do Piau\u00ed| Homem \u00e9 preso pela PRF ap\u00f3s ser flagrado na posse de ve\u00edculo que havia sido tomado de assalto h\u00e1 quase sete anos"},"content":{"rendered":"\n<p>Policiais Rodovi\u00e1rios Federais recuperaram na manh\u00e3 de hoje(19) um ve\u00edculo que havia sido tomado de assalto no Distrito Federal. A a\u00e7\u00e3o aconteceu na BR 316 na cidade de Alegrete do Piau\u00ed\/PI.<\/p>\n\n\n\n<p>Os policiais estavam realizando trabalho de rotina, quando abordaram o ve\u00edculo HONDA\/CITY que estava estacionado em uma mec\u00e2nica \u00e0s margens da rodovia. Um homem de 34 anos se apresentou como propriet\u00e1rio do bem e apresentou o documento do ve\u00edculo. Os policiais verificaram que o documento apresentado possu\u00eda ind\u00edcios de falsifica\u00e7\u00e3o e havia sido extraviado do DETRAN PI. O ve\u00edculo possu\u00eda seus elementos de identifica\u00e7\u00e3o adulterados, sendo que o ve\u00edculo original havia sido tomado de assalto no dia 03\/10\/2014 na cidade de Bras\u00edlia\/DF, portanto h\u00e1 quase sete anos.<\/p>\n\n\n\n<p>O homem informou que comprou o ve\u00edculo na cidade de Marcol\u00e2ndia\/PI de um conhecido atrav\u00e9s de uma troca com um ve\u00edculo da sua posse e mais R$ 14 Mil, por\u00e9m afirmou que n\u00e3o sabia da restri\u00e7\u00e3o do bem.<\/p>\n\n\n\n<p>Diante desse cen\u00e1rio, os policiais encaminharam o ve\u00edculo e o homem at\u00e9 a Pol\u00edcia Civil na cidade de Fronteiras\/PI para os procedimentos que o caso requer. Ele responder\u00e1 pelos crimes de Recepta\u00e7\u00e3o e Uso de Documento Falso.<\/p>\n\n\n\n<p><strong>Fonte: PRF<\/strong><\/p>\n","protected":false},"excerpt":{"rendered":"<p>Policiais Rodovi\u00e1rios Federais recuperaram na manh\u00e3 de hoje(19) um ve\u00edculo que havia sido tomado de assalto no Distrito Federal. A a\u00e7\u00e3o aconteceu na BR 316 na cidade de Alegrete do Piau\u00ed\/PI. Os policiais estavam realizando trabalho de rotina, quando abordaram o ve\u00edculo HONDA\/CITY que estava estacionado em uma mec\u00e2nica \u00e0s margens da rodovia. Um homem [&hellip;]<\/p>\n","protected":false},"author":1,"featured_media":22627,"comment_status":"open","ping_status":"open","sticky":false,"template":"","format":"standard","meta":{"beyondwords_generate_audio":"","beyondwords_project_id":"","beyondwords_podcast_id":"","beyondwords_hash":"","beyondwords_error_message":"","beyondwords_disabled":"","publish_post_to_speechkit":"","speechkit_generate_audio":"","speechkit_project_id":"","speechkit_podcast_id":"","speechkit_hash":"","speechkit_error_message":"","speechkit_disabled":"","speechkit_access_key":"","speechkit_error":"","speechkit_info":"","speechkit_response":"","speechkit_retries":"","_speechkit_link":"","_speechkit_text":""},"categories":[700,124,51,78],"tags":[699,82,70,356,44,72,1007,603,5564,84,91,103,52,5393,79,104,323,139,866,5347,363,158],"jetpack_featured_media_url":"","_links":{"self":[{"href":"https:\/\/pinews.com.br\/index.php\/wp-json\/wp\/v2\/posts\/22626"}],"collection":[{"href":"https:\/\/pinews.com.br\/index.php\/wp-json\/wp\/v2\/posts"}],"about":[{"href":"https:\/\/pinews.com.br\/index.php\/wp-json\/wp\/v2\/types\/post"}],"author":[{"embeddable":true,"href":"https:\/\/pinews.com.br\/index.php\/wp-json\/wp\/v2\/users\/1"}],"replies":[{"embeddable":true,"href":"https:\/\/pinews.com.br\/index.php\/wp-json\/wp\/v2\/comments?post=22626"}],"version-history":[{"count":0,"href":"https:\/\/pinews.com.br\/index.php\/wp-json\/wp\/v2\/posts\/22626\/revisions"}],"wp:featuredmedia":[{"embeddable":true,"href":"https:\/\/pinews.com.br\/index.php\/wp-json\/"}],"wp:attachment":[{"href":"https:\/\/pinews.com.br\/index.php\/wp-json\/wp\/v2\/media?parent=22626"}],"wp:term":[{"taxonomy":"category","embeddable":true,"href":"https:\/\/pinews.com.br\/index.php\/wp-json\/wp\/v2\/categories?post=22626"},{"taxonomy":"post_tag","embeddable":true,"href":"https:\/\/pinews.com.br\/index.php\/wp-json\/wp\/v2\/tags?post=22626"}],"curies":[{"name":"wp","href":"https:\/\/api.w.org\/{rel}","templated":true}]}}