{"id":22787,"date":"2021-05-24T19:23:22","date_gmt":"2021-05-24T22:23:22","guid":{"rendered":"https:\/\/pinews.com.br\/?p=22787"},"modified":"2021-05-24T19:23:22","modified_gmt":"2021-05-24T22:23:22","slug":"presos-fazem-buraco-em-forro-de-cela-e-tentam-fugir-de-penitenciaria-no-piaui","status":"publish","type":"post","link":"https:\/\/pinews.com.br\/index.php\/2021\/05\/24\/presos-fazem-buraco-em-forro-de-cela-e-tentam-fugir-de-penitenciaria-no-piaui\/","title":{"rendered":"Presos fazem buraco em forro de cela e tentam fugir de penitenci\u00e1ria no Piau\u00ed"},"content":{"rendered":"\n<p>Presos tentaram fugir da Penitenci\u00e1ria Mista de Parna\u00edba, Litoral do Piau\u00ed, ap\u00f3s abrirem um buraco no forro de uma cela coletiva. O flagrante foi feito pelos Policiais Penais na tarde desta segunda-feira (24).<\/p>\n\n\n\n<p>De acordo com o Sindicato dos Policiais Penais do Piau\u00ed (Sinpoljuspi), 29 presos conseguiram passar pelo buraco e tiveram acesso ao teto, que \u00e9 de alvenaria. Por meio de um segundo buraco feito para a instala\u00e7\u00e3o da caixa d&#8217;\u00e1gua, os detentos chegaram ao port\u00e3o da entrada do pr\u00e9dio, mas que estava fechado.<\/p>\n\n\n\n<p>&#8220;A a\u00e7\u00e3o n\u00e3o foi concretizada porque os policiais ouviram um barulho de batida e foram fazer uma vistoria nas celas. A inten\u00e7\u00e3o dos presos era ficar no forro e durante a noite fugir&#8221;, informou o Policial Penal Andr\u00e9 Seixas.<\/p>\n\n\n\n<p>Os presos esconderam o buraco com peda\u00e7os de colch\u00e3o. A Secretaria de Justi\u00e7a do Piau\u00ed (Sejus) informou internos foram encaminhados para outro pavilh\u00e3o e a cela passar\u00e1 por manuten\u00e7\u00e3o na estrutura. A Sejus reiterou que nenhum reeducando empreendeu fuga.<\/p>\n\n\n\n<p><strong>Fonte: G1 PI<\/strong><\/p>\n","protected":false},"excerpt":{"rendered":"<p>Presos tentaram fugir da Penitenci\u00e1ria Mista de Parna\u00edba, Litoral do Piau\u00ed, ap\u00f3s abrirem um buraco no forro de uma cela coletiva. O flagrante foi feito pelos Policiais Penais na tarde desta segunda-feira (24). De acordo com o Sindicato dos Policiais Penais do Piau\u00ed (Sinpoljuspi), 29 presos conseguiram passar pelo buraco e tiveram acesso ao teto, [&hellip;]<\/p>\n","protected":false},"author":1,"featured_media":22788,"comment_status":"open","ping_status":"open","sticky":false,"template":"","format":"standard","meta":{"beyondwords_generate_audio":"","beyondwords_project_id":"","beyondwords_podcast_id":"","beyondwords_hash":"","beyondwords_error_message":"","beyondwords_disabled":"","publish_post_to_speechkit":"","speechkit_generate_audio":"","speechkit_project_id":"","speechkit_podcast_id":"","speechkit_hash":"","speechkit_error_message":"","speechkit_disabled":"","speechkit_access_key":"","speechkit_error":"","speechkit_info":"","speechkit_response":"","speechkit_retries":"","_speechkit_link":"","_speechkit_text":""},"categories":[51,78],"tags":[352,1671,44,46,577,7748,73,1417,52,600,293],"jetpack_featured_media_url":"","_links":{"self":[{"href":"https:\/\/pinews.com.br\/index.php\/wp-json\/wp\/v2\/posts\/22787"}],"collection":[{"href":"https:\/\/pinews.com.br\/index.php\/wp-json\/wp\/v2\/posts"}],"about":[{"href":"https:\/\/pinews.com.br\/index.php\/wp-json\/wp\/v2\/types\/post"}],"author":[{"embeddable":true,"href":"https:\/\/pinews.com.br\/index.php\/wp-json\/wp\/v2\/users\/1"}],"replies":[{"embeddable":true,"href":"https:\/\/pinews.com.br\/index.php\/wp-json\/wp\/v2\/comments?post=22787"}],"version-history":[{"count":0,"href":"https:\/\/pinews.com.br\/index.php\/wp-json\/wp\/v2\/posts\/22787\/revisions"}],"wp:featuredmedia":[{"embeddable":true,"href":"https:\/\/pinews.com.br\/index.php\/wp-json\/"}],"wp:attachment":[{"href":"https:\/\/pinews.com.br\/index.php\/wp-json\/wp\/v2\/media?parent=22787"}],"wp:term":[{"taxonomy":"category","embeddable":true,"href":"https:\/\/pinews.com.br\/index.php\/wp-json\/wp\/v2\/categories?post=22787"},{"taxonomy":"post_tag","embeddable":true,"href":"https:\/\/pinews.com.br\/index.php\/wp-json\/wp\/v2\/tags?post=22787"}],"curies":[{"name":"wp","href":"https:\/\/api.w.org\/{rel}","templated":true}]}}