{"id":22925,"date":"2021-05-28T19:24:01","date_gmt":"2021-05-28T22:24:01","guid":{"rendered":"https:\/\/pinews.com.br\/?p=22925"},"modified":"2021-05-28T19:24:01","modified_gmt":"2021-05-28T22:24:01","slug":"soldado-da-policia-militar-tem-arma-roubada-durante-assalto-no-piaui","status":"publish","type":"post","link":"https:\/\/pinews.com.br\/index.php\/2021\/05\/28\/soldado-da-policia-militar-tem-arma-roubada-durante-assalto-no-piaui\/","title":{"rendered":"Soldado da Pol\u00edcia Militar tem arma roubada durante assalto no Piau\u00ed"},"content":{"rendered":"\n<p>Um soldado da Pol\u00edcia Militar do Piau\u00ed teve a arma roubada durante um assalto na Vila Santa B\u00e1rbara, Zona Leste de Teresina, na manh\u00e3 desta sexta-feira (28). Segundo a pol\u00edcia, os dois suspeitos foram identificados pela v\u00edtima.<\/p>\n\n\n\n<p>Segundo o major Cleber Bezerra, comandante do 5\u00b0 Batalh\u00e3o da PM, a suspeita \u00e9 que os criminosos conheciam a rotina e identifica\u00e7\u00e3o do oficial. Os criminosos chegaram pedindo apenas a arma da v\u00edtima.<\/p>\n\n\n\n<p>O assalto aconteceu no momento em que o soldado seguia de moto para o trabalho, por\u00e9m o policial n\u00e3o estava fardado. Os criminosos surpreenderam a v\u00edtima e anunciaram o assalto. O PM entregou a carteira e arma, mas os assaltantes devolveram a carteira.<\/p>\n\n\n\n<p>&#8220;Como o soldado mora nas proximidades de onde o crime ocorreu, a suspeita \u00e9 que os criminosos j\u00e1 estavam preparados para isso. Eles j\u00e1 foram pedindo a arma de fogo, mas j\u00e1 os identificamos e estamos fazendo buscas&#8221;, informou o major.<\/p>\n\n\n\n<p>Ao <strong>G1<\/strong>, o comandante revelou que os identificados s\u00e3o ex-presidi\u00e1rios que foram soltos no in\u00edcio da pandemia da Covid-19.<\/p>\n\n\n\n<p><strong>Fonte: G1 PI<\/strong><\/p>\n","protected":false},"excerpt":{"rendered":"<p>Um soldado da Pol\u00edcia Militar do Piau\u00ed teve a arma roubada durante um assalto na Vila Santa B\u00e1rbara, Zona Leste de Teresina, na manh\u00e3 desta sexta-feira (28). Segundo a pol\u00edcia, os dois suspeitos foram identificados pela v\u00edtima. Segundo o major Cleber Bezerra, comandante do 5\u00b0 Batalh\u00e3o da PM, a suspeita \u00e9 que os criminosos conheciam [&hellip;]<\/p>\n","protected":false},"author":1,"featured_media":22926,"comment_status":"open","ping_status":"open","sticky":false,"template":"","format":"standard","meta":{"beyondwords_generate_audio":"","beyondwords_project_id":"","beyondwords_podcast_id":"","beyondwords_hash":"","beyondwords_error_message":"","beyondwords_disabled":"","publish_post_to_speechkit":"","speechkit_generate_audio":"","speechkit_project_id":"","speechkit_podcast_id":"","speechkit_hash":"","speechkit_error_message":"","speechkit_disabled":"","speechkit_access_key":"","speechkit_error":"","speechkit_info":"","speechkit_response":"","speechkit_retries":"","_speechkit_link":"","_speechkit_text":""},"categories":[51,78,81],"tags":[326,356,122,45,1349,52,466,813,5998,60],"jetpack_featured_media_url":"","_links":{"self":[{"href":"https:\/\/pinews.com.br\/index.php\/wp-json\/wp\/v2\/posts\/22925"}],"collection":[{"href":"https:\/\/pinews.com.br\/index.php\/wp-json\/wp\/v2\/posts"}],"about":[{"href":"https:\/\/pinews.com.br\/index.php\/wp-json\/wp\/v2\/types\/post"}],"author":[{"embeddable":true,"href":"https:\/\/pinews.com.br\/index.php\/wp-json\/wp\/v2\/users\/1"}],"replies":[{"embeddable":true,"href":"https:\/\/pinews.com.br\/index.php\/wp-json\/wp\/v2\/comments?post=22925"}],"version-history":[{"count":0,"href":"https:\/\/pinews.com.br\/index.php\/wp-json\/wp\/v2\/posts\/22925\/revisions"}],"wp:featuredmedia":[{"embeddable":true,"href":"https:\/\/pinews.com.br\/index.php\/wp-json\/"}],"wp:attachment":[{"href":"https:\/\/pinews.com.br\/index.php\/wp-json\/wp\/v2\/media?parent=22925"}],"wp:term":[{"taxonomy":"category","embeddable":true,"href":"https:\/\/pinews.com.br\/index.php\/wp-json\/wp\/v2\/categories?post=22925"},{"taxonomy":"post_tag","embeddable":true,"href":"https:\/\/pinews.com.br\/index.php\/wp-json\/wp\/v2\/tags?post=22925"}],"curies":[{"name":"wp","href":"https:\/\/api.w.org\/{rel}","templated":true}]}}