{"id":23011,"date":"2021-05-31T11:07:25","date_gmt":"2021-05-31T14:07:25","guid":{"rendered":"https:\/\/pinews.com.br\/?p=23011"},"modified":"2021-05-31T11:07:25","modified_gmt":"2021-05-31T14:07:25","slug":"motocicleta-que-foi-furtada-ha-5-anos-e-recuperada-por-policiais-em-patrulhamento-no-piaui","status":"publish","type":"post","link":"https:\/\/pinews.com.br\/index.php\/2021\/05\/31\/motocicleta-que-foi-furtada-ha-5-anos-e-recuperada-por-policiais-em-patrulhamento-no-piaui\/","title":{"rendered":"Motocicleta que foi furtada h\u00e1 5 anos \u00e9 recuperada por policiais em patrulhamento no Piau\u00ed"},"content":{"rendered":"\n<p>A equipe de policiais do 15\u00ba Batalh\u00e3o da Pol\u00edcia Militar de Campo Maior apreendeu uma motocicleta furtada na cidade, no domingo (30\/05). Ve\u00edculo \u00e9 do munic\u00edpio de Altos, localizado no Norte do Piau\u00ed.<\/p>\n\n\n\n<p>A moto foi recuperada durante patrulhamento policial, sendo que os policiais avistaram o ve\u00edculo sem placa na pra\u00e7a Valdir Fortes, e resolveram abordar. Ao fazer consulta em seu banco de dados, descobriram que o ve\u00edculo tinha restri\u00e7\u00f5es de furto.<\/p>\n\n\n\n<p>A moto, de modelo CG 125 Fan KS, de cor vermelha, foi furtada em 2017 no munic\u00edpio de Altos. O homem que trafegava na motocicleta foi conduzido a delegacia de Campo Maior para a realiza\u00e7\u00e3o dos procedimentos cab\u00edveis, ele responder\u00e1 pelo crime de recepta\u00e7\u00e3o.<\/p>\n\n\n\n<p><strong>Fonte: Portal de Olho<\/strong><\/p>\n","protected":false},"excerpt":{"rendered":"<p>A equipe de policiais do 15\u00ba Batalh\u00e3o da Pol\u00edcia Militar de Campo Maior apreendeu uma motocicleta furtada na cidade, no domingo (30\/05). Ve\u00edculo \u00e9 do munic\u00edpio de Altos, localizado no Norte do Piau\u00ed. A moto foi recuperada durante patrulhamento policial, sendo que os policiais avistaram o ve\u00edculo sem placa na pra\u00e7a Valdir Fortes, e resolveram [&hellip;]<\/p>\n","protected":false},"author":1,"featured_media":23012,"comment_status":"open","ping_status":"open","sticky":false,"template":"","format":"standard","meta":{"beyondwords_generate_audio":"","beyondwords_project_id":"","beyondwords_podcast_id":"","beyondwords_hash":"","beyondwords_error_message":"","beyondwords_disabled":"","publish_post_to_speechkit":"","speechkit_generate_audio":"","speechkit_project_id":"","speechkit_podcast_id":"","speechkit_hash":"","speechkit_error_message":"","speechkit_disabled":"","speechkit_access_key":"","speechkit_error":"","speechkit_info":"","speechkit_response":"","speechkit_retries":"","_speechkit_link":"","_speechkit_text":""},"categories":[51,78],"tags":[82,72,46,1066,872,603,179,8445,52,384,59,6955],"jetpack_featured_media_url":"","_links":{"self":[{"href":"https:\/\/pinews.com.br\/index.php\/wp-json\/wp\/v2\/posts\/23011"}],"collection":[{"href":"https:\/\/pinews.com.br\/index.php\/wp-json\/wp\/v2\/posts"}],"about":[{"href":"https:\/\/pinews.com.br\/index.php\/wp-json\/wp\/v2\/types\/post"}],"author":[{"embeddable":true,"href":"https:\/\/pinews.com.br\/index.php\/wp-json\/wp\/v2\/users\/1"}],"replies":[{"embeddable":true,"href":"https:\/\/pinews.com.br\/index.php\/wp-json\/wp\/v2\/comments?post=23011"}],"version-history":[{"count":0,"href":"https:\/\/pinews.com.br\/index.php\/wp-json\/wp\/v2\/posts\/23011\/revisions"}],"wp:featuredmedia":[{"embeddable":true,"href":"https:\/\/pinews.com.br\/index.php\/wp-json\/"}],"wp:attachment":[{"href":"https:\/\/pinews.com.br\/index.php\/wp-json\/wp\/v2\/media?parent=23011"}],"wp:term":[{"taxonomy":"category","embeddable":true,"href":"https:\/\/pinews.com.br\/index.php\/wp-json\/wp\/v2\/categories?post=23011"},{"taxonomy":"post_tag","embeddable":true,"href":"https:\/\/pinews.com.br\/index.php\/wp-json\/wp\/v2\/tags?post=23011"}],"curies":[{"name":"wp","href":"https:\/\/api.w.org\/{rel}","templated":true}]}}