{"id":23026,"date":"2021-05-31T19:13:45","date_gmt":"2021-05-31T22:13:45","guid":{"rendered":"https:\/\/pinews.com.br\/?p=23026"},"modified":"2021-05-31T19:13:45","modified_gmt":"2021-05-31T22:13:45","slug":"tarifa-de-energia-sobe-nesta-terca-com-bandeira-vermelha-patamar-2","status":"publish","type":"post","link":"https:\/\/pinews.com.br\/index.php\/2021\/05\/31\/tarifa-de-energia-sobe-nesta-terca-com-bandeira-vermelha-patamar-2\/","title":{"rendered":"Tarifa de energia sobe nesta ter\u00e7a com bandeira vermelha patamar 2"},"content":{"rendered":"\n<p>A tarifa de energia vai ficar ainda mais cara no m\u00eas de junho. A bandeira, que j\u00e1 era vermelha s\u00f3 que no patamar 1 em maio, passa a ser de patamar 2 nos pr\u00f3ximos 30 dias. O principal motivo \u00e9 o n\u00edvel baixo dos principais reservat\u00f3rios do Sistema Interligado Nacional (SIN), o que aponta para um horizonte com reduzida gera\u00e7\u00e3o hidrel\u00e9trica e aumento da produ\u00e7\u00e3o termel\u00e9tricas.<\/p>\n\n\n\n<p>Para o gerente de relacionamento da Equatorial Energia, Luis Cardoso, o consumidor precisa ficar atento e evitar o desperd\u00edcio.<\/p>\n\n\n\n<p>\u201cO governo federal definiu para o m\u00eas de junho, portanto, a partir de amanh\u00e3, a bandeira vermelha no patamar 2. Isso representa dizer que a cada 100kw\/h, a tarifa estar\u00e1 custando R$ 6,24. O nosso desafio a partir de agora \u00e9 redobrar os cuidados para evitar desperd\u00edcio\u201d, afirmou em entrevista \u00e0 TV Cidade Verde.<\/p>\n\n\n\n<p>O desperd\u00edcio pode ser evitado, segundo ele, evitando l\u00e2mpadas acessas durante o dia e manusear de forma excessiva a geladeira. \u201cMedidas como essas podem ajudar na redu\u00e7\u00e3o da fatura. Tirar equipamentos da tomada tamb\u00e9m ajuda. Esse per\u00edodo do ano ainda n\u00e3o est\u00e1 o clima t\u00e3o quente\u201d, declarou.<\/p>\n\n\n\n<blockquote class=\"wp-block-quote\"><p>\u201cAs pessoas j\u00e1 economizam energia, o que precisamos fazer \u00e9 evitar desperd\u00edcio\u201d.<\/p><\/blockquote>\n\n\n\n<p>Veja algumas dicas para economizar:<\/p>\n\n\n\n<p><strong>Chuveiro el\u00e9trico<\/strong><\/p>\n\n\n\n<ul><li>Tomar banhos mais curtos, de at\u00e9 cinco minutos<\/li><li>Selecionar a temperatura morna no ver\u00e3o<\/li><li>Verificar as pot\u00eancias no seu chuveiro e calcular o seu consumo<\/li><\/ul>\n\n\n\n<p><strong>Ar condicionado<\/strong><\/p>\n\n\n\n<ul><li>N\u00e3o deixar portas e janelas abertas em ambientes com ar condicionado<\/li><li>Manter os filtros limpos<\/li><li>Diminuir ao m\u00e1ximo o tempo de utiliza\u00e7\u00e3o do aparelho de ar condicionado<\/li><li>Colocar cortinas nas janelas que recebem sol direto<\/li><\/ul>\n\n\n\n<p><strong>Geladeira<\/strong><\/p>\n\n\n\n<ul><li>S\u00f3 deixar a porta da geladeira aberta o tempo que for necess\u00e1rio<\/li><li>Regular a temperatura interna de acordo com o manual de instru\u00e7\u00f5es<\/li><li>Nunca colocar alimentos quentes dentro da geladeira<\/li><li>Deixar espa\u00e7o para ventila\u00e7\u00e3o na parte de tr\u00e1s da geladeira e n\u00e3o utiliz\u00e1-la para secar panos<\/li><li>N\u00e3o forrar as prateleiras<\/li><li>Descongelar a geladeira e verificar as borrachas de veda\u00e7\u00e3o regularmente<\/li><\/ul>\n\n\n\n<p><strong>Ilumina\u00e7\u00e3o<\/strong><\/p>\n\n\n\n<ul><li>Utilizar ilumina\u00e7\u00e3o natural ou l\u00e2mpadas econ\u00f4micas e apagar a luz ao sair de um c\u00f4modo; pintar o ambiente com cores claras<\/li><\/ul>\n\n\n\n<p><strong>Ferro de passar<\/strong><\/p>\n\n\n\n<ul><li>Juntar roupas para passar de uma s\u00f3 vez<\/li><li>Separar as roupas por tipo e come\u00e7ar por aquelas que exigem menor temperatura<\/li><li>Nunca deixe o ferro ligado enquanto faz outra coisa<\/li><\/ul>\n\n\n\n<p><strong>Aparelhos em stand-by<\/strong><\/p>\n\n\n\n<ul><li>Retirar os aparelhos da tomada quando poss\u00edvel ou durante longas aus\u00eancias<\/li><\/ul>\n\n\n\n<p><strong>Fonte: H\u00e9rlon Moraes\/ Cidade Verde<\/strong><\/p>\n","protected":false},"excerpt":{"rendered":"<p>A tarifa de energia vai ficar ainda mais cara no m\u00eas de junho. A bandeira, que j\u00e1 era vermelha s\u00f3 que no patamar 1 em maio, passa a ser de patamar 2 nos pr\u00f3ximos 30 dias. O principal motivo \u00e9 o n\u00edvel baixo dos principais reservat\u00f3rios do Sistema Interligado Nacional (SIN), o que aponta para [&hellip;]<\/p>\n","protected":false},"author":1,"featured_media":23027,"comment_status":"open","ping_status":"open","sticky":false,"template":"","format":"standard","meta":{"beyondwords_generate_audio":"","beyondwords_project_id":"","beyondwords_podcast_id":"","beyondwords_hash":"","beyondwords_error_message":"","beyondwords_disabled":"","publish_post_to_speechkit":"","speechkit_generate_audio":"","speechkit_project_id":"","speechkit_podcast_id":"","speechkit_hash":"","speechkit_error_message":"","speechkit_disabled":"","speechkit_access_key":"","speechkit_error":"","speechkit_info":"","speechkit_response":"","speechkit_retries":"","_speechkit_link":"","_speechkit_text":""},"categories":[516,134],"tags":[7401,44,1976,5815,7396,1962,6808,6809,8207],"jetpack_featured_media_url":"","_links":{"self":[{"href":"https:\/\/pinews.com.br\/index.php\/wp-json\/wp\/v2\/posts\/23026"}],"collection":[{"href":"https:\/\/pinews.com.br\/index.php\/wp-json\/wp\/v2\/posts"}],"about":[{"href":"https:\/\/pinews.com.br\/index.php\/wp-json\/wp\/v2\/types\/post"}],"author":[{"embeddable":true,"href":"https:\/\/pinews.com.br\/index.php\/wp-json\/wp\/v2\/users\/1"}],"replies":[{"embeddable":true,"href":"https:\/\/pinews.com.br\/index.php\/wp-json\/wp\/v2\/comments?post=23026"}],"version-history":[{"count":0,"href":"https:\/\/pinews.com.br\/index.php\/wp-json\/wp\/v2\/posts\/23026\/revisions"}],"wp:featuredmedia":[{"embeddable":true,"href":"https:\/\/pinews.com.br\/index.php\/wp-json\/"}],"wp:attachment":[{"href":"https:\/\/pinews.com.br\/index.php\/wp-json\/wp\/v2\/media?parent=23026"}],"wp:term":[{"taxonomy":"category","embeddable":true,"href":"https:\/\/pinews.com.br\/index.php\/wp-json\/wp\/v2\/categories?post=23026"},{"taxonomy":"post_tag","embeddable":true,"href":"https:\/\/pinews.com.br\/index.php\/wp-json\/wp\/v2\/tags?post=23026"}],"curies":[{"name":"wp","href":"https:\/\/api.w.org\/{rel}","templated":true}]}}