{"id":23098,"date":"2021-06-02T19:25:00","date_gmt":"2021-06-02T22:25:00","guid":{"rendered":"https:\/\/pinews.com.br\/?p=23098"},"modified":"2021-06-02T19:25:00","modified_gmt":"2021-06-02T22:25:00","slug":"focos-de-queimadas-voltam-a-crescer-e-piaui-ocupa-3a-posicao-no-nordeste","status":"publish","type":"post","link":"https:\/\/pinews.com.br\/index.php\/2021\/06\/02\/focos-de-queimadas-voltam-a-crescer-e-piaui-ocupa-3a-posicao-no-nordeste\/","title":{"rendered":"Focos de queimadas voltam a crescer e Piau\u00ed ocupa 3\u00aa posi\u00e7\u00e3o no Nordeste"},"content":{"rendered":"\n<p>O Piau\u00ed ocupa a 3\u00aa coloca\u00e7\u00e3o em quantidade de focos de queimadas na regi\u00e3o nordeste, atr\u00e1s apenas do Maranh\u00e3o e Bahia. Os dados constam no sistema de monitoramento do Instituto Nacional de Pesquisas Espaciais (Inpe), que mostram que o Estado registrou no \u00faltimo m\u00eas de maio 169 focos.<\/p>\n\n\n\n<p>O n\u00famero registrado em maio \u00e9 mais que o dobro do m\u00eas de abril, quando apenas 60 focos de queimadas foram registrados em todo o Piau\u00ed.&nbsp;<\/p>\n\n\n\n<p>O Piau\u00ed tamb\u00e9m registra crescimento do n\u00famero de focos quando s\u00e3o levados em conta os cinco primeiros meses do ano. De acordo com dados do Inpe, entre janeiro e maio deste ano, foram 382 registros, enquanto no mesmo per\u00edodo de 2020 foram apenas 202 registros de queimadas.&nbsp;<\/p>\n\n\n\n<p>Ainda de acordo com dados do Inpe, os munic\u00edpios da regi\u00e3o do cerrado s\u00e3o os que registram maior quantidade de queimadas no Piau\u00ed no ano de 2021. O ranking \u00e9 liderado por Baixa Grande do Ribeiro que, at\u00e9&nbsp; o momento, j\u00e1 possui 37 focos de queimadas este ano.&nbsp;<\/p>\n\n\n\n<p>Na sequ\u00eancia, aparecem os munic\u00edpios de Uru\u00e7u\u00ed, Bom Jesus, Floriano, Jerumenha e Buriti dos Montes.&nbsp;<\/p>\n\n\n\n<p>A problem\u00e1tica das queimadas pode ser ainda mais agravada nos pr\u00f3ximos meses por causa da estiagem enfrentada em algumas regi\u00f5es do Piau\u00ed. Na \u00faltima semana, o Governo do Estado decretou situa\u00e7\u00e3o de emerg\u00eancia em 36 munic\u00edpios, que devem receber a\u00e7\u00f5es priorit\u00e1rias para garantir o abastecimento e diminuir os impactos da seca. <\/p>\n\n\n\n<p><strong>Fonte: Natanael Souza\/ Cidade Verde<\/strong><\/p>\n","protected":false},"excerpt":{"rendered":"<p>O Piau\u00ed ocupa a 3\u00aa coloca\u00e7\u00e3o em quantidade de focos de queimadas na regi\u00e3o nordeste, atr\u00e1s apenas do Maranh\u00e3o e Bahia. Os dados constam no sistema de monitoramento do Instituto Nacional de Pesquisas Espaciais (Inpe), que mostram que o Estado registrou no \u00faltimo m\u00eas de maio 169 focos. O n\u00famero registrado em maio \u00e9 mais [&hellip;]<\/p>\n","protected":false},"author":1,"featured_media":23099,"comment_status":"open","ping_status":"open","sticky":false,"template":"","format":"standard","meta":{"beyondwords_generate_audio":"","beyondwords_project_id":"","beyondwords_podcast_id":"","beyondwords_hash":"","beyondwords_error_message":"","beyondwords_disabled":"","publish_post_to_speechkit":"","speechkit_generate_audio":"","speechkit_project_id":"","speechkit_podcast_id":"","speechkit_hash":"","speechkit_error_message":"","speechkit_disabled":"","speechkit_access_key":"","speechkit_error":"","speechkit_info":"","speechkit_response":"","speechkit_retries":"","_speechkit_link":"","_speechkit_text":""},"categories":[51],"tags":[6595,7238,44,5772,1255,5906,52,6052,4109,8458],"jetpack_featured_media_url":"","_links":{"self":[{"href":"https:\/\/pinews.com.br\/index.php\/wp-json\/wp\/v2\/posts\/23098"}],"collection":[{"href":"https:\/\/pinews.com.br\/index.php\/wp-json\/wp\/v2\/posts"}],"about":[{"href":"https:\/\/pinews.com.br\/index.php\/wp-json\/wp\/v2\/types\/post"}],"author":[{"embeddable":true,"href":"https:\/\/pinews.com.br\/index.php\/wp-json\/wp\/v2\/users\/1"}],"replies":[{"embeddable":true,"href":"https:\/\/pinews.com.br\/index.php\/wp-json\/wp\/v2\/comments?post=23098"}],"version-history":[{"count":0,"href":"https:\/\/pinews.com.br\/index.php\/wp-json\/wp\/v2\/posts\/23098\/revisions"}],"wp:featuredmedia":[{"embeddable":true,"href":"https:\/\/pinews.com.br\/index.php\/wp-json\/"}],"wp:attachment":[{"href":"https:\/\/pinews.com.br\/index.php\/wp-json\/wp\/v2\/media?parent=23098"}],"wp:term":[{"taxonomy":"category","embeddable":true,"href":"https:\/\/pinews.com.br\/index.php\/wp-json\/wp\/v2\/categories?post=23098"},{"taxonomy":"post_tag","embeddable":true,"href":"https:\/\/pinews.com.br\/index.php\/wp-json\/wp\/v2\/tags?post=23098"}],"curies":[{"name":"wp","href":"https:\/\/api.w.org\/{rel}","templated":true}]}}