{"id":23101,"date":"2021-06-03T11:20:34","date_gmt":"2021-06-03T14:20:34","guid":{"rendered":"https:\/\/pinews.com.br\/?p=23101"},"modified":"2021-06-03T11:20:34","modified_gmt":"2021-06-03T14:20:34","slug":"predio-desaba-no-rio-de-janeiro-e-deixa-feridos","status":"publish","type":"post","link":"https:\/\/pinews.com.br\/index.php\/2021\/06\/03\/predio-desaba-no-rio-de-janeiro-e-deixa-feridos\/","title":{"rendered":"Pr\u00e9dio desaba no Rio de Janeiro e deixa feridos"},"content":{"rendered":"\n<p>Um edif\u00edcio desabou na madrugada de&nbsp;hoje&nbsp;(3) na comunidade de Rio das Pedras, na zona oeste da cidade do Rio&nbsp;de Janeiro. Segundo a secret\u00e1ria municipal de Assist\u00eancia Social, Laura Carneiro, foram resgatadas tr\u00eas pessoas com vida. Elas foram encaminhadas ao Hospital Municipal Louren\u00e7o Jorge.<img decoding=\"async\" src=\"https:\/\/agenciabrasil.ebc.com.br\/ebc.png?id=1411584&amp;o=node\"><img decoding=\"async\" src=\"https:\/\/agenciabrasil.ebc.com.br\/ebc.gif?id=1411584&amp;o=node\"><\/p>\n\n\n\n<p>De acordo com o Corpo de Bombeiros, uma mulher foi localizada sob os escombros, mas ainda n\u00e3o foi resgatada.&nbsp;Ela est\u00e1 viva e informou que h\u00e1 mais duas pessoas soterradas, entre elas uma crian\u00e7a.<\/p>\n\n\n\n<p>O acidente ocorreu na Avenida da Areinha, pr\u00f3ximo \u00e0 Rua das Uvas, por volta das 3h20 de&nbsp;hoje. Ao chegarem ao local, os bombeiros tamb\u00e9m tiveram que combater chamas que atingiam os destro\u00e7os.<\/p>\n\n\n\n<p>N\u00e3o h\u00e1 informa\u00e7\u00f5es sobre o que causou o colapso da estrutura e nem se o pr\u00e9dio era regular. O desabamento atingiu tr\u00eas edifica\u00e7\u00f5es que ficam em frente ao pr\u00e9dio e uma que fica ao lado dele.<\/p>\n\n\n\n<p>Em abril de 2019, dois pr\u00e9dios irregulares desabaram na comunidade vizinha da Muzema, deixando 24 mortos.<\/p>\n\n\n\n<p><strong>Fonte: Ag\u00eancia Brasil<\/strong><\/p>\n","protected":false},"excerpt":{"rendered":"<p>Um edif\u00edcio desabou na madrugada de&nbsp;hoje&nbsp;(3) na comunidade de Rio das Pedras, na zona oeste da cidade do Rio&nbsp;de Janeiro. Segundo a secret\u00e1ria municipal de Assist\u00eancia Social, Laura Carneiro, foram resgatadas tr\u00eas pessoas com vida. Elas foram encaminhadas ao Hospital Municipal Louren\u00e7o Jorge. De acordo com o Corpo de Bombeiros, uma mulher foi localizada sob [&hellip;]<\/p>\n","protected":false},"author":1,"featured_media":23102,"comment_status":"open","ping_status":"open","sticky":false,"template":"","format":"standard","meta":{"beyondwords_generate_audio":"","beyondwords_project_id":"","beyondwords_podcast_id":"","beyondwords_hash":"","beyondwords_error_message":"","beyondwords_disabled":"","publish_post_to_speechkit":"","speechkit_generate_audio":"","speechkit_project_id":"","speechkit_podcast_id":"","speechkit_hash":"","speechkit_error_message":"","speechkit_disabled":"","speechkit_access_key":"","speechkit_error":"","speechkit_info":"","speechkit_response":"","speechkit_retries":"","_speechkit_link":"","_speechkit_text":""},"categories":[134],"tags":[44,252,1654,254,1787,5926,407],"jetpack_featured_media_url":"","_links":{"self":[{"href":"https:\/\/pinews.com.br\/index.php\/wp-json\/wp\/v2\/posts\/23101"}],"collection":[{"href":"https:\/\/pinews.com.br\/index.php\/wp-json\/wp\/v2\/posts"}],"about":[{"href":"https:\/\/pinews.com.br\/index.php\/wp-json\/wp\/v2\/types\/post"}],"author":[{"embeddable":true,"href":"https:\/\/pinews.com.br\/index.php\/wp-json\/wp\/v2\/users\/1"}],"replies":[{"embeddable":true,"href":"https:\/\/pinews.com.br\/index.php\/wp-json\/wp\/v2\/comments?post=23101"}],"version-history":[{"count":0,"href":"https:\/\/pinews.com.br\/index.php\/wp-json\/wp\/v2\/posts\/23101\/revisions"}],"wp:featuredmedia":[{"embeddable":true,"href":"https:\/\/pinews.com.br\/index.php\/wp-json\/"}],"wp:attachment":[{"href":"https:\/\/pinews.com.br\/index.php\/wp-json\/wp\/v2\/media?parent=23101"}],"wp:term":[{"taxonomy":"category","embeddable":true,"href":"https:\/\/pinews.com.br\/index.php\/wp-json\/wp\/v2\/categories?post=23101"},{"taxonomy":"post_tag","embeddable":true,"href":"https:\/\/pinews.com.br\/index.php\/wp-json\/wp\/v2\/tags?post=23101"}],"curies":[{"name":"wp","href":"https:\/\/api.w.org\/{rel}","templated":true}]}}