{"id":2323,"date":"2019-11-13T12:36:51","date_gmt":"2019-11-13T14:36:51","guid":{"rendered":"https:\/\/pinews.com.br\/?p=2323"},"modified":"2019-11-13T12:36:51","modified_gmt":"2019-11-13T14:36:51","slug":"engenheiro-morre-e-dois-eletricistas-ficam-feridos-em-explosao-dentro-de-usina-no-piaui","status":"publish","type":"post","link":"https:\/\/pinews.com.br\/index.php\/2019\/11\/13\/engenheiro-morre-e-dois-eletricistas-ficam-feridos-em-explosao-dentro-de-usina-no-piaui\/","title":{"rendered":"Engenheiro morre e dois eletricistas ficam feridos em explos\u00e3o dentro de usina no Piau\u00ed"},"content":{"rendered":"\n<p style=\"text-align:justify\">Um engenheiro morreu e dois eletricistas ficaram feridos ap\u00f3s uma explos\u00e3o em uma usina de cana-de-a\u00e7\u00facar na tarde dessa ter\u00e7a-feira (12), no munic\u00edpio de Uni\u00e3o, a 56 km de Teresina. O acidente aconteceu em uma sala de gera\u00e7\u00e3o de energia onde as v\u00edtimas faziam uma vistoria no local.<\/p>\n\n\n\n<p style=\"text-align:justify\">O engenheiro eletricista, identificado como Fl\u00e1vio Veloso, de 65 anos, era de Recife e prestava consultoria \u00e0 empresa. Ele havia chegado a Uni\u00e3o no dia anterior para realizar a consultoria na usina.<\/p>\n\n\n\n<figure class=\"wp-block-image\"><img decoding=\"async\" src=\"https:\/\/s2.glbimg.com\/vMRPk-0eoCzmzYs63koi4a92zF0=\/0x0:1366x768\/984x0\/smart\/filters:strip_icc()\/i.s3.glbimg.com\/v1\/AUTH_59edd422c0c84a879bd37670ae4f538a\/internal_photos\/bs\/2019\/I\/d\/eQo19aRNiqUECerCPo4Q\/acidentefabrica.jpg\" alt=\"Engenheiro morre e dois eletricistas ficam feridos em explos\u00e3o dentro de usina no Piau\u00ed \u2014 Foto: Reprodu\u00e7\u00e3o\/TV Clube\"\/><figcaption>Engenheiro morre e dois eletricistas ficam feridos em explos\u00e3o dentro de usina no Piau\u00ed \u2014 Foto: Reprodu\u00e7\u00e3o\/TV Clube<\/figcaption><\/figure>\n\n\n\n<p style=\"text-align:justify\">Os eletricistas que ficaram feridos foram identificados como Ariosvaldo Douglas e C\u00e9sar. Ambos sofreram queimaduras e foram internados em um pronto socorro particular em Teresina.<\/p>\n\n\n\n<p style=\"text-align:justify\">De acordo com o gerente de Recursos Humanos da usina, Helio Carly, eles est\u00e3o fora de perigo. &#8220;As informa\u00e7\u00f5es que nos chegam \u00e9 que o acidente foi de menor gravidade, sem nenhum risco e que eles est\u00e3o sendo bem atendidos&#8221;, disse.<\/p>\n\n\n\n<p style=\"text-align:justify\"><strong>Veja a nota da empresa:<\/strong><\/p>\n\n\n\n<p style=\"text-align:justify\"><em>Nota de esclarecimento<\/em><\/p>\n\n\n\n<p style=\"text-align:justify\"><em>Sobre o acidente envolvendo a explos\u00e3o de uma v\u00e1lvula de vapor, ocorrido na tarde desta ter\u00e7a-feira, 12, na Comvap, a empresa confirma o fato e esclarece que, diante disso entrou em contato imediatamente com a pol\u00edcia militar e com a per\u00edcia para as devidas provid\u00eancias.<\/em><\/p>\n\n\n\n<p style=\"text-align:justify\"><em>O acidente provocou tr\u00eas v\u00edtimas, sendo uma fatal, um consultor de Recife que estava prestando servi\u00e7o \u00e0 empresa. As outras duas foram encaminhadas ao hospital e est\u00e3o recebendo todo o atendimento m\u00e9dico necess\u00e1rio e n\u00e3o apresentam risco de vida.<\/em><\/p>\n\n\n\n<p style=\"text-align:justify\"><em>A diretoria da Comvap lamenta o ocorrido e se solidariza com todos os envolvidos. Ressalta ainda que est\u00e1 dando todo o atendimento necess\u00e1rio, com uma equipe dispon\u00edvel e prestando todos os esclarecimentos aos \u00f3rg\u00e3os competentes.<\/em><\/p>\n\n\n\n<p>Fotos: Reprodu\u00e7\u00e3o <\/p>\n\n\n\n<p><strong>Fonte: G1 PI<\/strong> <\/p>\n","protected":false},"excerpt":{"rendered":"<p>Um engenheiro morreu e dois eletricistas ficaram feridos ap\u00f3s uma explos\u00e3o em uma usina de cana-de-a\u00e7\u00facar na tarde dessa ter\u00e7a-feira (12), no munic\u00edpio de Uni\u00e3o, a 56 km de Teresina. O acidente aconteceu em uma sala de gera\u00e7\u00e3o de energia onde as v\u00edtimas faziam uma vistoria no local. O engenheiro eletricista, identificado como Fl\u00e1vio Veloso, [&hellip;]<\/p>\n","protected":false},"author":1,"featured_media":2325,"comment_status":"open","ping_status":"open","sticky":false,"template":"","format":"standard","meta":{"beyondwords_generate_audio":"","beyondwords_project_id":"","beyondwords_podcast_id":"","beyondwords_hash":"","beyondwords_error_message":"","beyondwords_disabled":"","publish_post_to_speechkit":"","speechkit_generate_audio":"","speechkit_project_id":"","speechkit_podcast_id":"","speechkit_hash":"","speechkit_error_message":"","speechkit_disabled":"","speechkit_access_key":"","speechkit_error":"","speechkit_info":"","speechkit_response":"","speechkit_retries":"","_speechkit_link":"","_speechkit_text":""},"categories":[1184,51],"tags":[1634,1635,1636,52,1637],"jetpack_featured_media_url":"","_links":{"self":[{"href":"https:\/\/pinews.com.br\/index.php\/wp-json\/wp\/v2\/posts\/2323"}],"collection":[{"href":"https:\/\/pinews.com.br\/index.php\/wp-json\/wp\/v2\/posts"}],"about":[{"href":"https:\/\/pinews.com.br\/index.php\/wp-json\/wp\/v2\/types\/post"}],"author":[{"embeddable":true,"href":"https:\/\/pinews.com.br\/index.php\/wp-json\/wp\/v2\/users\/1"}],"replies":[{"embeddable":true,"href":"https:\/\/pinews.com.br\/index.php\/wp-json\/wp\/v2\/comments?post=2323"}],"version-history":[{"count":0,"href":"https:\/\/pinews.com.br\/index.php\/wp-json\/wp\/v2\/posts\/2323\/revisions"}],"wp:featuredmedia":[{"embeddable":true,"href":"https:\/\/pinews.com.br\/index.php\/wp-json\/"}],"wp:attachment":[{"href":"https:\/\/pinews.com.br\/index.php\/wp-json\/wp\/v2\/media?parent=2323"}],"wp:term":[{"taxonomy":"category","embeddable":true,"href":"https:\/\/pinews.com.br\/index.php\/wp-json\/wp\/v2\/categories?post=2323"},{"taxonomy":"post_tag","embeddable":true,"href":"https:\/\/pinews.com.br\/index.php\/wp-json\/wp\/v2\/tags?post=2323"}],"curies":[{"name":"wp","href":"https:\/\/api.w.org\/{rel}","templated":true}]}}