{"id":23237,"date":"2021-06-07T19:33:23","date_gmt":"2021-06-07T22:33:23","guid":{"rendered":"https:\/\/pinews.com.br\/?p=23237"},"modified":"2021-06-07T19:33:23","modified_gmt":"2021-06-07T22:33:23","slug":"piaui-tem-cerca-de-250-mortos-nao-identificados-e-vai-iniciar-campanha-para-coleta-de-material-genetico","status":"publish","type":"post","link":"https:\/\/pinews.com.br\/index.php\/2021\/06\/07\/piaui-tem-cerca-de-250-mortos-nao-identificados-e-vai-iniciar-campanha-para-coleta-de-material-genetico\/","title":{"rendered":"Piau\u00ed tem cerca de 250 mortos n\u00e3o identificados e vai iniciar campanha para coleta de material gen\u00e9tico"},"content":{"rendered":"\n<p>A Secretaria de Seguran\u00e7a P\u00fablica iniciou nesta segunda-feira (7) uma&nbsp;campanha para coletar o material gen\u00e9tico de familiares de pessoas desaparecidas no Piau\u00ed. A inten\u00e7\u00e3o da campanha \u00e9 alimentar um banco de dados com amostras de DNA, que ser\u00e1 compartilhado pelos \u00f3rg\u00e3os de seguran\u00e7a de todo o Brasil.<\/p>\n\n\n\n<p>O estado tem 250 pessoas encontradas mortas que ainda n\u00e3o foram identificadas e a SSP informou que realiza um levantamento para definir o n\u00famero de pessoas que s\u00e3o consideradas desaparecidas.<\/p>\n\n\n\n<p>A&nbsp;campanha acontecer\u00e1 nos dias 14 a 18 de junho.&nbsp;No dia 16, ocorrer\u00e1 o Dia D da campanha. Assim, os dados do Piau\u00ed far\u00e3o parte do Banco Nacional de Perfis Gen\u00e9ticos.<\/p>\n\n\n\n<p>Precisam doar amostras de DNA parentes diretos de pessoas desaparecidas, como: pais, filhos e irm\u00e3os. As pessoas devem procurar a delegacia regional ou especializada mais pr\u00f3xima.<\/p>\n\n\n\n<p>O DNA do pr\u00f3prio desaparecido tamb\u00e9m poder\u00e1 ser extra\u00eddo de itens de uso pessoal, tais como: escova de dentes, escova de cabelo, aparelho de barbear, alian\u00e7a, \u00f3culos, aparelho ortod\u00f4ntico, dente de leite, amostra de cord\u00e3o umbilical. Esses materiais tamb\u00e9m poder\u00e3o ser entregues nos pontos de coleta da campanha.<\/p>\n\n\n\n<p><strong>A coleta acontecer\u00e1 nas seguintes cidades:<\/strong><\/p>\n\n\n\n<ul><li>Teresina<\/li><li>Parna\u00edba<\/li><li>Piripiri<\/li><li>Pedro II<\/li><li>Campo Maior<\/li><li>S\u00e3o Raimundo Nonato<\/li><li>Floriano<\/li><li>Picos<\/li><li>Bom Jesus do Gurgueia<\/li><li>Uru\u00e7u\u00ed<\/li><li>Corrente<\/li><\/ul>\n\n\n\n<p>Em Teresina,&nbsp;a coleta acontecer\u00e1 em tr\u00eas locais:<\/p>\n\n\n\n<ul><li>Na sede do&nbsp;Departamento de Homic\u00eddios e Prote\u00e7\u00e3o \u00e0 Pessoa&nbsp;(DHPP), no Centro Administrativo;<\/li><li>no&nbsp;Instituto de DNA Forense, na rua Governador Arthur de Vasconcelos, 995, bairro Porenquanto, Zona Norte;<\/li><li>no&nbsp;Instituto M\u00e9dico Legal&nbsp;(IML, na rua Francisca de Melo Lobo, bairro Saci, Zona Sul.<\/li><\/ul>\n\n\n\n<p>Ao chegar aos locais de coleta, um policial ir\u00e1 colher o depoimento sobre o caso, em que ser\u00e3o registrados os dados da pessoa desaparecida e as informa\u00e7\u00f5es sobre como se deu o desaparecimento. Um perito criminal ir\u00e1 fazer a coleta do material gen\u00e9tico.&nbsp;A coleta \u00e9 indolor e gratuita. O material gen\u00e9tico ser\u00e1 inserido no&nbsp;Banco Nacional de Perfis Gen\u00e9ticos.<\/p>\n\n\n\n<p>A coleta de amostras atrav\u00e9s da campanha deve possibilitar que o Piau\u00ed participe do interc\u00e2mbio nacional de dados gen\u00e9ticos. Assim, os dados coletados aqui poder\u00e3o ser comparados com amostras de DNA coletadas em todo o Brasil<\/p>\n\n\n\n<div class=\"wp-block-image\"><figure class=\"aligncenter\"><img decoding=\"async\" src=\"https:\/\/s2.glbimg.com\/XdmfpLBNKowQvSGxazqs2Q2iu-I=\/0x0:1280x720\/984x0\/smart\/filters:strip_icc()\/i.s3.glbimg.com\/v1\/AUTH_59edd422c0c84a879bd37670ae4f538a\/internal_photos\/bs\/2021\/D\/9\/D6aMlJQQqpR7GIlyPHXQ\/whatsapp-image-2021-06-07-at-10.30.55.jpeg\" alt=\"Piau\u00ed lan\u00e7a campanha para coleta de material gen\u00e9tico para localizar desaparecidos \u2014 Foto: Andr\u00ea Nascimento\/ G1 PI\"\/><figcaption>Piau\u00ed lan\u00e7a campanha para coleta de material gen\u00e9tico para localizar desaparecidos \u2014 Foto: Andr\u00ea Nascimento\/ G1 PI<\/figcaption><\/figure><\/div>\n\n\n\n<p>\u201cEssa campanha vai nacional para fazer esse interc\u00e2mbio, para verificar se, por exemplo, um cad\u00e1ver encontrado no Cear\u00e1 \u00e9 de uma pessoa do Piau\u00ed.&nbsp;A import\u00e2ncia maior \u00e9 essa: esse interc\u00e2mbio entre familiares e laborat\u00f3rios\u201d, disse a perita.<\/p>\n\n\n\n<p>Segundo a coordenadora do Instituto do DNA Forense, a perita criminal Adilana Soares, h\u00e1&nbsp;cerca de cem ossadas&nbsp;humanas e de&nbsp;150 cad\u00e1veres&nbsp;encontrados no Piau\u00ed&nbsp;ainda sem identifica\u00e7\u00e3o.<\/p>\n\n\n\n<p><strong>Fonte: G1 PI<\/strong><\/p>\n","protected":false},"excerpt":{"rendered":"<p>A Secretaria de Seguran\u00e7a P\u00fablica iniciou nesta segunda-feira (7) uma&nbsp;campanha para coletar o material gen\u00e9tico de familiares de pessoas desaparecidas no Piau\u00ed. A inten\u00e7\u00e3o da campanha \u00e9 alimentar um banco de dados com amostras de DNA, que ser\u00e1 compartilhado pelos \u00f3rg\u00e3os de seguran\u00e7a de todo o Brasil. O estado tem 250 pessoas encontradas mortas que [&hellip;]<\/p>\n","protected":false},"author":1,"featured_media":23238,"comment_status":"open","ping_status":"open","sticky":false,"template":"","format":"standard","meta":{"beyondwords_generate_audio":"","beyondwords_project_id":"","beyondwords_podcast_id":"","beyondwords_hash":"","beyondwords_error_message":"","beyondwords_disabled":"","publish_post_to_speechkit":"","speechkit_generate_audio":"","speechkit_project_id":"","speechkit_podcast_id":"","speechkit_hash":"","speechkit_error_message":"","speechkit_disabled":"","speechkit_access_key":"","speechkit_error":"","speechkit_info":"","speechkit_response":"","speechkit_retries":"","_speechkit_link":"","_speechkit_text":""},"categories":[51],"tags":[6954,574,210,8480,44,6661,8481,7275,6148,759,653,350,52,60,1089],"jetpack_featured_media_url":"","_links":{"self":[{"href":"https:\/\/pinews.com.br\/index.php\/wp-json\/wp\/v2\/posts\/23237"}],"collection":[{"href":"https:\/\/pinews.com.br\/index.php\/wp-json\/wp\/v2\/posts"}],"about":[{"href":"https:\/\/pinews.com.br\/index.php\/wp-json\/wp\/v2\/types\/post"}],"author":[{"embeddable":true,"href":"https:\/\/pinews.com.br\/index.php\/wp-json\/wp\/v2\/users\/1"}],"replies":[{"embeddable":true,"href":"https:\/\/pinews.com.br\/index.php\/wp-json\/wp\/v2\/comments?post=23237"}],"version-history":[{"count":0,"href":"https:\/\/pinews.com.br\/index.php\/wp-json\/wp\/v2\/posts\/23237\/revisions"}],"wp:featuredmedia":[{"embeddable":true,"href":"https:\/\/pinews.com.br\/index.php\/wp-json\/"}],"wp:attachment":[{"href":"https:\/\/pinews.com.br\/index.php\/wp-json\/wp\/v2\/media?parent=23237"}],"wp:term":[{"taxonomy":"category","embeddable":true,"href":"https:\/\/pinews.com.br\/index.php\/wp-json\/wp\/v2\/categories?post=23237"},{"taxonomy":"post_tag","embeddable":true,"href":"https:\/\/pinews.com.br\/index.php\/wp-json\/wp\/v2\/tags?post=23237"}],"curies":[{"name":"wp","href":"https:\/\/api.w.org\/{rel}","templated":true}]}}