{"id":23289,"date":"2021-06-09T11:17:08","date_gmt":"2021-06-09T14:17:08","guid":{"rendered":"https:\/\/pinews.com.br\/?p=23289"},"modified":"2021-06-09T11:17:08","modified_gmt":"2021-06-09T14:17:08","slug":"preso-no-piaui-suspeito-de-estuprar-vizinho-de-21-anos-e-filmar-crime","status":"publish","type":"post","link":"https:\/\/pinews.com.br\/index.php\/2021\/06\/09\/preso-no-piaui-suspeito-de-estuprar-vizinho-de-21-anos-e-filmar-crime\/","title":{"rendered":"Preso no Piau\u00ed suspeito de estuprar vizinho de 21 anos e filmar crime"},"content":{"rendered":"\n<p>A Pol\u00edcia Civil prendeu um suspeito de estuprar e filmar o crime contra um jovem de 21 anos que teria transtornos mentais. O preso, de 56 anos, foi localizado no bairro Lourival Parente, zona Sul de Teresina, nesta ter\u00e7a-feira (08). Ele \u00e9 vizinho da v\u00edtima e teria praticado o crime com um irm\u00e3o que est\u00e1 sendo procurado.&nbsp;<\/p>\n\n\n\n<p>O caso ocorreu em abril deste ano. A divulga\u00e7\u00e3o das imagens causou contrangimento \u00e0 v\u00edtima e a familiares que denunciaram o crime.&nbsp;<\/p>\n\n\n\n<p>&#8220;Com as informa\u00e7\u00f5es do v\u00eddeo, fomos na casa da v\u00edtima, pegamos o depoimento dele, de pessoas que presenciaram e pedimos a prisao tempor\u00e1ria dos indiv\u00edduos&#8221;, disse o delegado Andrei Alvarenga.&nbsp;<\/p>\n\n\n\n<p>O coordenador do Grupo de Apoio Operacional (GAO), Joatan Gon\u00e7alves, conta que, em sua defesa, o suspeito alegou que a rela\u00e7\u00e3o sexual foi consentida.&nbsp;<\/p>\n\n\n\n<p>&#8220;Foi o que ele alegou, mas se for comprovado nos autos que a v\u00edtima faz tratamento ps\u00edquico, a pris\u00e3o tempor\u00e1ria ser\u00e1 convertida em preventiva. Al\u00e9m da poss\u00edvel doen\u00e7a ps\u00edquica vem o agravante do entorpecente, que pode ser bebida alco\u00f3lica ou outro entorpecente&#8221;, reitera o coordenador do GAO.&nbsp;<\/p>\n\n\n\n<p><br><strong>Fonte: Cidade Verde\/ Com informa\u00e7\u00f5es Tiago Melo (TV Cidade Verde)<\/strong><\/p>\n","protected":false},"excerpt":{"rendered":"<p>A Pol\u00edcia Civil prendeu um suspeito de estuprar e filmar o crime contra um jovem de 21 anos que teria transtornos mentais. O preso, de 56 anos, foi localizado no bairro Lourival Parente, zona Sul de Teresina, nesta ter\u00e7a-feira (08). Ele \u00e9 vizinho da v\u00edtima e teria praticado o crime com um irm\u00e3o que est\u00e1 [&hellip;]<\/p>\n","protected":false},"author":1,"featured_media":23290,"comment_status":"open","ping_status":"open","sticky":false,"template":"","format":"standard","meta":{"beyondwords_generate_audio":"","beyondwords_project_id":"","beyondwords_podcast_id":"","beyondwords_hash":"","beyondwords_error_message":"","beyondwords_disabled":"","publish_post_to_speechkit":"","speechkit_generate_audio":"","speechkit_project_id":"","speechkit_podcast_id":"","speechkit_hash":"","speechkit_error_message":"","speechkit_disabled":"","speechkit_access_key":"","speechkit_error":"","speechkit_info":"","speechkit_response":"","speechkit_retries":"","_speechkit_link":"","_speechkit_text":""},"categories":[51,78,81],"tags":[1043,82,558,44,348,8491,52,79,130,1257],"jetpack_featured_media_url":"","_links":{"self":[{"href":"https:\/\/pinews.com.br\/index.php\/wp-json\/wp\/v2\/posts\/23289"}],"collection":[{"href":"https:\/\/pinews.com.br\/index.php\/wp-json\/wp\/v2\/posts"}],"about":[{"href":"https:\/\/pinews.com.br\/index.php\/wp-json\/wp\/v2\/types\/post"}],"author":[{"embeddable":true,"href":"https:\/\/pinews.com.br\/index.php\/wp-json\/wp\/v2\/users\/1"}],"replies":[{"embeddable":true,"href":"https:\/\/pinews.com.br\/index.php\/wp-json\/wp\/v2\/comments?post=23289"}],"version-history":[{"count":0,"href":"https:\/\/pinews.com.br\/index.php\/wp-json\/wp\/v2\/posts\/23289\/revisions"}],"wp:featuredmedia":[{"embeddable":true,"href":"https:\/\/pinews.com.br\/index.php\/wp-json\/"}],"wp:attachment":[{"href":"https:\/\/pinews.com.br\/index.php\/wp-json\/wp\/v2\/media?parent=23289"}],"wp:term":[{"taxonomy":"category","embeddable":true,"href":"https:\/\/pinews.com.br\/index.php\/wp-json\/wp\/v2\/categories?post=23289"},{"taxonomy":"post_tag","embeddable":true,"href":"https:\/\/pinews.com.br\/index.php\/wp-json\/wp\/v2\/tags?post=23289"}],"curies":[{"name":"wp","href":"https:\/\/api.w.org\/{rel}","templated":true}]}}