{"id":23405,"date":"2021-06-13T19:57:29","date_gmt":"2021-06-13T22:57:29","guid":{"rendered":"https:\/\/pinews.com.br\/?p=23405"},"modified":"2021-06-13T19:57:29","modified_gmt":"2021-06-13T22:57:29","slug":"bebe-indigena-de-um-mes-morre-de-diarreia-em-abrigo-de-venezuelanos-no-piaui","status":"publish","type":"post","link":"https:\/\/pinews.com.br\/index.php\/2021\/06\/13\/bebe-indigena-de-um-mes-morre-de-diarreia-em-abrigo-de-venezuelanos-no-piaui\/","title":{"rendered":"Beb\u00ea ind\u00edgena de um m\u00eas morre de diarr\u00e9ia em abrigo de venezuelanos no Piau\u00ed"},"content":{"rendered":"\n<p>Um beb\u00ea de um m\u00eas, ind\u00edgena da etnia War\u00e3o, morreu em decorr\u00eancia de uma infec\u00e7\u00e3o intestinal em um dos abrigos destinados aos venezuelanos em Teresina, sob coordena\u00e7\u00e3o da Secretaria Municipal de Cidadania, Assist\u00eancia Social e Pol\u00edticas Integradas (Semcaspi). O caso ocorreu na \u00faltima ter\u00e7a-feira (8), mas somente neste domingo (13) o \u00f3rg\u00e3o se manifestou.<\/p>\n\n\n\n<p>O coletivo Piau\u00ed Ind\u00edgena usou a rede social para denunciar a falta de acompanhamento m\u00e9dico aos venezuelanos. Segundo a entidade, os pais da crian\u00e7a foram sozinhos ao hospital p\u00fablico. Os ind\u00edgenas falam e compreendem pouco o portugu\u00eas.<\/p>\n\n\n\n<p>&#8220;Em uma cidade refer\u00eancia em sa\u00fade como nossa capital, em uma cidade com um prefeito m\u00e9dico, uma crian\u00e7a ind\u00edgena sob os cuidados de sua gest\u00e3o, morreu em decorr\u00eancia de uma diarreia. Hoje, nossos parentes Warao choram por essa vida que viveu t\u00e3o pouco tempo entre n\u00f3s. Hoje, mais uma m\u00e3e e pai ind\u00edgena choram, pois seu beb\u00ea n\u00e3o est\u00e1 mais em seus bra\u00e7os&#8221;, declarou o coletivo.<\/p>\n\n\n\n<p>A Semcaspi confirmou o falecimento do Euclide Moreno Mendoza, que estava acolhido no abrigo Emater, localizado na BR 343, em Teresina. A secretaria informou que a m\u00e3e do beb\u00ea, Sophia Maria Mendoza, 19 anos, recebeu todo o acompanhamento necess\u00e1rio, inclusive, durante o per\u00edodo gestacional.<\/p>\n\n\n\n<p>De acordo com o Retal\u00f3rio Situacional, elaborado pelo Servi\u00e7o de Acolhimento Institucional, Sophia Mendoza foi a Unidade B\u00e1sica de Sa\u00fade Estaca Zero para o encerramento do pr\u00e9-natal e do acompanhamento puerperal, sob a companhia da educadora social do abrigo. A m\u00e3e venezuelana contou que n\u00e3o estava amamentando o filho e em troca estaria oferecendo um leite, que n\u00e3o era compat\u00edvel com a sua idade.<\/p>\n\n\n\n<p>Com as orienta\u00e7\u00f5es m\u00e9dicas, a Semcaspi disse que providenciou um leite adequado e 13 dias depois a crian\u00e7a apresentou infec\u00e7\u00e3o intestinal. Os pais retornaram com o beb\u00ea para UBS, onde foram orientados a dar paracetamol e simeticona, al\u00e9m de substituir novamente o leite. Euclide morreu no dia seguinte.<\/p>\n\n\n\n<p>&#8220;A Semcaspi concedeu o suporte necess\u00e1rio, por meio do servi\u00e7o de Benef\u00edcios Eventuais, como: aux\u00edlio funeral e aux\u00edlio de transporte, respeitando as tradi\u00e7\u00f5es culturais deste grupo. E ainda, lamenta profundamente o ocorrido e se disponibiliza para prestar mais esclarecimentos&#8221;, disse em nota.<\/p>\n\n\n\n<h2>Nota da Semcaspi<\/h2>\n\n\n\n<p><em>A Secretaria Municipal de Cidadania, Assist\u00eancia Social e Pol\u00edticas Integradas (Semcaspi), por meio da Ger\u00eancia de Prote\u00e7\u00e3o Social Especial (GPSE), confirma o falecimento de Euclide Moreno Mendoza, de um m\u00eas de vida, ind\u00edgena de etnia Warao, que estava acolhido no abrigo Emater. O falecimento de Euclide Mendoza ocorreu na noite da \u00faltima ter\u00e7a-feira, (08\/06), por complica\u00e7\u00f5es de infec\u00e7\u00e3o intestinal.<\/em><\/p>\n\n\n\n<p><em>A Semcaspi esclarece que a m\u00e3e de Euclide Mendoza, Sophia Maria Mendoza, 19 anos de idade, recebeu todo o acompanhamento necess\u00e1rio, inclusive, durante o per\u00edodo gestacional, com consultas pr\u00e9-natal, exames iniciais que apontaram normalidade aos resultados, como ultrassonografia computadorizada. Foi prescrito e oferecido a suplementa\u00e7\u00e3o com \u00e1cido f\u00f3lico e ferro, al\u00e9m disto, foi encaminhada para atualizar o cart\u00e3o de vacina. E recebeu o kit natalidade, composto de fraldas descart\u00e1veis e de pano, len\u00e7o umedecido, banheira, materiais de higiene e fita.<\/em><\/p>\n\n\n\n<p><em>O Retal\u00f3rio Situacional, elaborado pelo Servi\u00e7o de Acolhimento Institucional (Abrigo Ka Ubanoko II \u2013 EMATER), aponta que no dia 25 de maio de 2021, Sophia Mendoza foi a UBS Estaca Zero para o encerramento do pr\u00e9-natal e do acompanhamento puerperal, sob a companhia da educadora social do abrigo, e relatou n\u00e3o estar amamentando Euclide Mendoza e em troca estaria oferecendo o leite da marca Ninho. Com as orienta\u00e7\u00f5es m\u00e9dicas, foi providenciado pela Semcaspi, no dia 26 de maio de 2021, o leite NAN 1, ideal para beb\u00eas da idade de Euclide Mendoza, sendo entregue ao pai, Wilmer Moreno Zapata, 27 anos de idade.<\/em><\/p>\n\n\n\n<p><em>Ao apresentar infec\u00e7\u00e3o intestinal, no dia 07 de junho de 2021,aproximadamente \u00e0s 14h, Euclide Mendoza foi encaminhado para a UPA do Sat\u00e9lite. Ao retornar da UPA, \u00e0s 17h, os pais j\u00e1 tinham providenciado o medicamento prescrito: paracetamol e simeticona e relataram que o m\u00e9dico teria pedido para substituir o leite NAN I pela f\u00f3rmula infantil de nome Nestogeno.<\/em><\/p>\n\n\n\n<p><em>No dia seguinte, 08 de junho de 2021, \u00e0s 16h, Euclide Mendoza foi levado ao abrigo CSU, para que um dos acolhidos, Laut\u00e9rio Perez, rezasse no beb\u00ea, ritual que faz parte da cultura deles. Embora, os coordenadores n\u00e3o tenham recomendado a sa\u00edda da fam\u00edlia para outro abrigo, devido ao per\u00edodo de pandemia, eles optaram por levar a crian\u00e7a para o tratamento com base em rituais religiosos. Euclide Mendoza faleceu poucas horas depois.<\/em><\/p>\n\n\n\n<p><em>A Semcaspi concedeu o suporte necess\u00e1rio, por meio do servi\u00e7o de Benef\u00edcios Eventuais, como: aux\u00edlio funeral e aux\u00edlio de transporte, respeitando as tradi\u00e7\u00f5es culturais deste grupo. E ainda, lamenta profundamente o ocorrido e se disponibiliza para prestar mais esclarecimentos.<\/em><\/p>\n\n\n\n<p><strong>Fonte: G1 PI<\/strong><\/p>\n","protected":false},"excerpt":{"rendered":"<p>Um beb\u00ea de um m\u00eas, ind\u00edgena da etnia War\u00e3o, morreu em decorr\u00eancia de uma infec\u00e7\u00e3o intestinal em um dos abrigos destinados aos venezuelanos em Teresina, sob coordena\u00e7\u00e3o da Secretaria Municipal de Cidadania, Assist\u00eancia Social e Pol\u00edticas Integradas (Semcaspi). O caso ocorreu na \u00faltima ter\u00e7a-feira (8), mas somente neste domingo (13) o \u00f3rg\u00e3o se manifestou. O [&hellip;]<\/p>\n","protected":false},"author":1,"featured_media":23406,"comment_status":"open","ping_status":"open","sticky":false,"template":"","format":"standard","meta":{"beyondwords_generate_audio":"","beyondwords_project_id":"","beyondwords_podcast_id":"","beyondwords_hash":"","beyondwords_error_message":"","beyondwords_disabled":"","publish_post_to_speechkit":"","speechkit_generate_audio":"","speechkit_project_id":"","speechkit_podcast_id":"","speechkit_hash":"","speechkit_error_message":"","speechkit_disabled":"","speechkit_access_key":"","speechkit_error":"","speechkit_info":"","speechkit_response":"","speechkit_retries":"","_speechkit_link":"","_speechkit_text":""},"categories":[51],"tags":[5107,113,44,8517,46,8518,1974,119,52,436,2341],"jetpack_featured_media_url":"","_links":{"self":[{"href":"https:\/\/pinews.com.br\/index.php\/wp-json\/wp\/v2\/posts\/23405"}],"collection":[{"href":"https:\/\/pinews.com.br\/index.php\/wp-json\/wp\/v2\/posts"}],"about":[{"href":"https:\/\/pinews.com.br\/index.php\/wp-json\/wp\/v2\/types\/post"}],"author":[{"embeddable":true,"href":"https:\/\/pinews.com.br\/index.php\/wp-json\/wp\/v2\/users\/1"}],"replies":[{"embeddable":true,"href":"https:\/\/pinews.com.br\/index.php\/wp-json\/wp\/v2\/comments?post=23405"}],"version-history":[{"count":0,"href":"https:\/\/pinews.com.br\/index.php\/wp-json\/wp\/v2\/posts\/23405\/revisions"}],"wp:featuredmedia":[{"embeddable":true,"href":"https:\/\/pinews.com.br\/index.php\/wp-json\/"}],"wp:attachment":[{"href":"https:\/\/pinews.com.br\/index.php\/wp-json\/wp\/v2\/media?parent=23405"}],"wp:term":[{"taxonomy":"category","embeddable":true,"href":"https:\/\/pinews.com.br\/index.php\/wp-json\/wp\/v2\/categories?post=23405"},{"taxonomy":"post_tag","embeddable":true,"href":"https:\/\/pinews.com.br\/index.php\/wp-json\/wp\/v2\/tags?post=23405"}],"curies":[{"name":"wp","href":"https:\/\/api.w.org\/{rel}","templated":true}]}}