{"id":23423,"date":"2021-06-14T11:33:30","date_gmt":"2021-06-14T14:33:30","guid":{"rendered":"https:\/\/pinews.com.br\/?p=23423"},"modified":"2021-06-14T11:33:30","modified_gmt":"2021-06-14T14:33:30","slug":"vacina-da-janssen-de-uma-unica-dose-deve-ser-distribuida-na-quinta-feira-aos-estados","status":"publish","type":"post","link":"https:\/\/pinews.com.br\/index.php\/2021\/06\/14\/vacina-da-janssen-de-uma-unica-dose-deve-ser-distribuida-na-quinta-feira-aos-estados\/","title":{"rendered":"Vacina da Janssen, de uma \u00fanica dose, deve ser distribu\u00edda na quinta-feira aos estados"},"content":{"rendered":"\n<p>As 3 milh\u00f5es de doses de vacinas da Janssen (bra\u00e7o farmac\u00eautico da Johnson &amp; Johnson) que chegar\u00e3o amanh\u00e3 (15) ao Brasil, t\u00eam&nbsp; previs\u00e3o de j\u00e1 na quinta-feira (17) serem distribu\u00eddas aos estados. A vacina da Janssen \u00e9 diferenciada, pois \u00e9 de uma \u00fanica dose. A log\u00edstica de imuniza\u00e7\u00e3o ter\u00e1 que ser r\u00e1pida, pois as doses est\u00e3o com prazo curto de validade, at\u00e9 o dia 27 de junho.&nbsp;&nbsp;<\/p>\n\n\n\n<p>A previs\u00e3o \u00e9 a de que os imunizantes cheguem ao Aeroporto Internacional de Cumbica, em Guarulhos (SP).&nbsp;<\/p>\n\n\n\n<p>Semana passada, a Johnson &amp; Johnson anunciou que a ag\u00eancia reguladora dos Estados Unidos aumentou de tr\u00eas para quatro meses e meio o prazo de validade da vacina contra Covid-19 da Janssen.<\/p>\n\n\n\n<p>Por causa da validade curta do lote de 3 milh\u00f5es, o Minist\u00e9rio aconselha que os estados apliquem as vacinas do lote antecipado somente nas capitais e de maneira r\u00e1pida.<\/p>\n\n\n\n<p>Durante seu depoimento na CPI da Covid, o ministro da Sa\u00fade, Marcelo Queiroga, confirmou que o lote com as doses da Janssen tem validade at\u00e9 27 de junho, que consultou os conselhos de sa\u00fade antes de aceitar a remessa e que o pa\u00eds corria o risco de perder as vacinas se houvesse demora no posicionamento do FDA.<\/p>\n\n\n\n<p>Ao chegar ao Brasil, as vacinas ser\u00e3o enviadas ao centro de distribui\u00e7\u00e3o log\u00edstico de Guarulhos, onde ser\u00e3o inspecionadas pelo Instituto Nacional de Controle de Qualidade em Sa\u00fade (INCQS) que testar\u00e1 a qualidade das doses.<\/p>\n\n\n\n<p>A previs\u00e3o \u00e9 a de que o imunizante comece a ser distribu\u00eddo aos estados em 48 horas, ou seja, nesta quinta-feira (17).<\/p>\n\n\n\n<p>A Ag\u00eancia Nacional de Vigil\u00e2ncia Sanit\u00e1ria (Anvisa) autorizou o uso emergencial da vacina da Janssen em 31 de mar\u00e7o de 2021. A Johnson &amp; Johnson anunciou que o imunizante teve 66% de efic\u00e1cia em prevenir casos moderados e graves.<\/p>\n\n\n\n<p>Com rela\u00e7\u00e3o a temperatura de armazenamento e transporte da vacina n\u00e3o oferece desafios \u00e0 log\u00edstica, uma vez que pode ser mantida entre 2\u00baC e 8\u00baC em por at\u00e9 tr\u00eas meses.<\/p>\n\n\n\n<p>A vacina fabricada pela Johnson &amp; Johnson tem efic\u00e1cia global de 72%. J\u00e1 a prote\u00e7\u00e3o contra casos graves da doen\u00e7a \u00e9 de 85%, segundo estudo realizado em janeiro deste ano.<\/p>\n\n\n\n<p><strong>Fonte: Cidade Verde\/ Com informa\u00e7\u00f5es da Folhapress<\/strong><\/p>\n","protected":false},"excerpt":{"rendered":"<p>As 3 milh\u00f5es de doses de vacinas da Janssen (bra\u00e7o farmac\u00eautico da Johnson &amp; Johnson) que chegar\u00e3o amanh\u00e3 (15) ao Brasil, t\u00eam&nbsp; previs\u00e3o de j\u00e1 na quinta-feira (17) serem distribu\u00eddas aos estados. A vacina da Janssen \u00e9 diferenciada, pois \u00e9 de uma \u00fanica dose. A log\u00edstica de imuniza\u00e7\u00e3o ter\u00e1 que ser r\u00e1pida, pois as doses [&hellip;]<\/p>\n","protected":false},"author":1,"featured_media":23424,"comment_status":"open","ping_status":"open","sticky":false,"template":"","format":"standard","meta":{"beyondwords_generate_audio":"","beyondwords_project_id":"","beyondwords_podcast_id":"","beyondwords_hash":"","beyondwords_error_message":"","beyondwords_disabled":"","publish_post_to_speechkit":"","speechkit_generate_audio":"","speechkit_project_id":"","speechkit_podcast_id":"","speechkit_hash":"","speechkit_error_message":"","speechkit_disabled":"","speechkit_access_key":"","speechkit_error":"","speechkit_info":"","speechkit_response":"","speechkit_retries":"","_speechkit_link":"","_speechkit_text":""},"categories":[134,1288],"tags":[142,122,44,514,8520,7475,1271,8521,91,6723,139,557,7135,3178],"jetpack_featured_media_url":"","_links":{"self":[{"href":"https:\/\/pinews.com.br\/index.php\/wp-json\/wp\/v2\/posts\/23423"}],"collection":[{"href":"https:\/\/pinews.com.br\/index.php\/wp-json\/wp\/v2\/posts"}],"about":[{"href":"https:\/\/pinews.com.br\/index.php\/wp-json\/wp\/v2\/types\/post"}],"author":[{"embeddable":true,"href":"https:\/\/pinews.com.br\/index.php\/wp-json\/wp\/v2\/users\/1"}],"replies":[{"embeddable":true,"href":"https:\/\/pinews.com.br\/index.php\/wp-json\/wp\/v2\/comments?post=23423"}],"version-history":[{"count":0,"href":"https:\/\/pinews.com.br\/index.php\/wp-json\/wp\/v2\/posts\/23423\/revisions"}],"wp:featuredmedia":[{"embeddable":true,"href":"https:\/\/pinews.com.br\/index.php\/wp-json\/"}],"wp:attachment":[{"href":"https:\/\/pinews.com.br\/index.php\/wp-json\/wp\/v2\/media?parent=23423"}],"wp:term":[{"taxonomy":"category","embeddable":true,"href":"https:\/\/pinews.com.br\/index.php\/wp-json\/wp\/v2\/categories?post=23423"},{"taxonomy":"post_tag","embeddable":true,"href":"https:\/\/pinews.com.br\/index.php\/wp-json\/wp\/v2\/tags?post=23423"}],"curies":[{"name":"wp","href":"https:\/\/api.w.org\/{rel}","templated":true}]}}