{"id":23461,"date":"2021-06-15T19:19:52","date_gmt":"2021-06-15T22:19:52","guid":{"rendered":"https:\/\/pinews.com.br\/?p=23461"},"modified":"2021-06-15T19:19:52","modified_gmt":"2021-06-15T22:19:52","slug":"caixa-deve-antecipar-tambem-a-4a-parcela-do-auxilio-emergencial","status":"publish","type":"post","link":"https:\/\/pinews.com.br\/index.php\/2021\/06\/15\/caixa-deve-antecipar-tambem-a-4a-parcela-do-auxilio-emergencial\/","title":{"rendered":"Caixa deve antecipar tamb\u00e9m a 4\u00aa parcela do Aux\u00edlio Emergencial"},"content":{"rendered":"\n<p>O presidente da Caixa, Pedro Guimar\u00e3es, disse, hoje (15), que o banco estuda antecipar o pagamento da quarta parcela do aux\u00edlio emergencial federal, conforme j\u00e1 fez com as tr\u00eas primeiras parcelas.<img decoding=\"async\" src=\"https:\/\/agenciabrasil.ebc.com.br\/ebc.png?id=1412691&amp;o=node\"><img decoding=\"async\" src=\"https:\/\/agenciabrasil.ebc.com.br\/ebc.gif?id=1412691&amp;o=node\"><\/p>\n\n\n\n<p>\u201c\u00c9 muito claro que anteciparemos tamb\u00e9m o quarto ciclo, mas vamos fazer isso daqui a algumas semanas, mantendo a mesma otimiza\u00e7\u00e3o\u201d, declarou Guimar\u00e3es durante uma transmiss\u00e3o pelas redes sociais, na qual comentou o novo cronograma de pagamentos da terceira fase, cuja antecipa\u00e7\u00e3o j\u00e1 tinha sido anunciada.<\/p>\n\n\n\n<p>O atual cronograma prev\u00ea que o banco comece a depositar os valores relativos \u00e0 quarta parcela na conta social digital dos benefici\u00e1rios nascidos em janeiro a partir do dia 23 de julho. E que os dep\u00f3sitos da quarta fase se estendam at\u00e9 22 de agosto, com o pagamento para os nascidos em dezembro. J\u00e1 a libera\u00e7\u00e3o de saques e transfer\u00eancias est\u00e1 prevista para ocorrer entre os dias 13 de agosto e 10 de setembro, mas, com a antecipa\u00e7\u00e3o da terceira fase, Guimar\u00e3es d\u00e1 como certa a mudan\u00e7a tamb\u00e9m no calend\u00e1rio do quarto ciclo.<\/p>\n\n\n\n<p>\u201cTemos uma quest\u00e3o muito importante de acelerar os pagamentos, minimizar filas e aglomera\u00e7\u00e3o, mas podemos ter, tamb\u00e9m no quarto ciclo, uma antecipa\u00e7\u00e3o\u201d, acrescentou Guimar\u00e3es, destacando que antecipa\u00e7\u00e3o das datas de dep\u00f3sito e de libera\u00e7\u00e3o dos saques e transfer\u00eancias do terceiro ciclo, anunciada hoje, beneficia \u00e0s pessoas nascidas em dezembro em ao menos duas semanas.<\/p>\n\n\n\n<p>\u201cTeremos todos os dep\u00f3sitos deste terceiro ciclo ainda em junho, entre os dias 18 e 30 de junho. Ou seja, estamos antecipando em at\u00e9 tr\u00eas semanas o dep\u00f3sito para os nascidos em dezembro, que s\u00f3 receberiam em 21 de julho. E os saques, que come\u00e7am [a ser liberados] no dia 1\u00ba de julho para os nascidos em janeiro e v\u00e3o at\u00e9 o dia 19 de julho, para os nascidos em dezembro, n\u00f3s antecipamos em at\u00e9 mais de tr\u00eas semanas\u201d, afirmou o presidente da Caixa.<\/p>\n\n\n\n<p><strong>Fonte: Ag\u00eancia Brasil<\/strong><\/p>\n","protected":false},"excerpt":{"rendered":"<p>O presidente da Caixa, Pedro Guimar\u00e3es, disse, hoje (15), que o banco estuda antecipar o pagamento da quarta parcela do aux\u00edlio emergencial federal, conforme j\u00e1 fez com as tr\u00eas primeiras parcelas. \u201c\u00c9 muito claro que anteciparemos tamb\u00e9m o quarto ciclo, mas vamos fazer isso daqui a algumas semanas, mantendo a mesma otimiza\u00e7\u00e3o\u201d, declarou Guimar\u00e3es durante [&hellip;]<\/p>\n","protected":false},"author":1,"featured_media":23462,"comment_status":"open","ping_status":"open","sticky":false,"template":"","format":"standard","meta":{"beyondwords_generate_audio":"","beyondwords_project_id":"","beyondwords_podcast_id":"","beyondwords_hash":"","beyondwords_error_message":"","beyondwords_disabled":"","publish_post_to_speechkit":"","speechkit_generate_audio":"","speechkit_project_id":"","speechkit_podcast_id":"","speechkit_hash":"","speechkit_error_message":"","speechkit_disabled":"","speechkit_access_key":"","speechkit_error":"","speechkit_info":"","speechkit_response":"","speechkit_retries":"","_speechkit_link":"","_speechkit_text":""},"categories":[516,134],"tags":[5752,7221,2647,662,514,3444,2698,5547],"jetpack_featured_media_url":"","_links":{"self":[{"href":"https:\/\/pinews.com.br\/index.php\/wp-json\/wp\/v2\/posts\/23461"}],"collection":[{"href":"https:\/\/pinews.com.br\/index.php\/wp-json\/wp\/v2\/posts"}],"about":[{"href":"https:\/\/pinews.com.br\/index.php\/wp-json\/wp\/v2\/types\/post"}],"author":[{"embeddable":true,"href":"https:\/\/pinews.com.br\/index.php\/wp-json\/wp\/v2\/users\/1"}],"replies":[{"embeddable":true,"href":"https:\/\/pinews.com.br\/index.php\/wp-json\/wp\/v2\/comments?post=23461"}],"version-history":[{"count":0,"href":"https:\/\/pinews.com.br\/index.php\/wp-json\/wp\/v2\/posts\/23461\/revisions"}],"wp:featuredmedia":[{"embeddable":true,"href":"https:\/\/pinews.com.br\/index.php\/wp-json\/"}],"wp:attachment":[{"href":"https:\/\/pinews.com.br\/index.php\/wp-json\/wp\/v2\/media?parent=23461"}],"wp:term":[{"taxonomy":"category","embeddable":true,"href":"https:\/\/pinews.com.br\/index.php\/wp-json\/wp\/v2\/categories?post=23461"},{"taxonomy":"post_tag","embeddable":true,"href":"https:\/\/pinews.com.br\/index.php\/wp-json\/wp\/v2\/tags?post=23461"}],"curies":[{"name":"wp","href":"https:\/\/api.w.org\/{rel}","templated":true}]}}