{"id":23483,"date":"2021-06-16T19:25:03","date_gmt":"2021-06-16T22:25:03","guid":{"rendered":"https:\/\/pinews.com.br\/?p=23483"},"modified":"2021-06-16T19:25:03","modified_gmt":"2021-06-16T22:25:03","slug":"dupla-e-flagrada-com-bloqueador-de-alarme-em-estacionamento-de-supermercado-no-piaui","status":"publish","type":"post","link":"https:\/\/pinews.com.br\/index.php\/2021\/06\/16\/dupla-e-flagrada-com-bloqueador-de-alarme-em-estacionamento-de-supermercado-no-piaui\/","title":{"rendered":"Dupla \u00e9 flagrada com bloqueador de alarme em estacionamento de supermercado no Piau\u00ed"},"content":{"rendered":"\n<p>Dois homens foram flagrados com bloqueadores de alarme de ve\u00edculos no estacionamento de um supermercado localizado na Avenida Zequinha Freire, na zona Leste de Teresina. O caso aconteceu nesta quarta-feira (16).<\/p>\n\n\n\n<p>A Pol\u00edcia Militar foi acionada pelas equipes de seguran\u00e7a do supermercado. Segundo os fiscais, a dupla tamb\u00e9m furtou uma televis\u00e3o de dentro de um dos ve\u00edculos parados no estacionamento da loja.&nbsp; Com eles, os policiais encontraram ainda um punhal.<\/p>\n\n\n\n<p>\u201cEncontramos os suspeitos de posse de tr\u00eas dispositivos bloqueadores veiculares e&nbsp; um punhal. O relato dos fiscais da loja \u00e9 de que ontem a mesma dupla furtou uma tv de dentro de um dos ve\u00edculos estacionados. Diante dos fatos acusados e representante do supermercado forma conduzidos at\u00e9 a Central&nbsp; de Flagrantes para os procedimentos cab\u00edveis\u201d, diz o relat\u00f3rio da For\u00e7a T\u00e1tica do 5\u00ba Batalh\u00e3o da PM.<\/p>\n\n\n\n<p><strong>Fonte: Izabella Pimentel\/ Cidade Verde<\/strong><\/p>\n","protected":false},"excerpt":{"rendered":"<p>Dois homens foram flagrados com bloqueadores de alarme de ve\u00edculos no estacionamento de um supermercado localizado na Avenida Zequinha Freire, na zona Leste de Teresina. O caso aconteceu nesta quarta-feira (16). A Pol\u00edcia Militar foi acionada pelas equipes de seguran\u00e7a do supermercado. Segundo os fiscais, a dupla tamb\u00e9m furtou uma televis\u00e3o de dentro de um [&hellip;]<\/p>\n","protected":false},"author":1,"featured_media":23484,"comment_status":"open","ping_status":"open","sticky":false,"template":"","format":"standard","meta":{"beyondwords_generate_audio":"","beyondwords_project_id":"","beyondwords_podcast_id":"","beyondwords_hash":"","beyondwords_error_message":"","beyondwords_disabled":"","publish_post_to_speechkit":"","speechkit_generate_audio":"","speechkit_project_id":"","speechkit_podcast_id":"","speechkit_hash":"","speechkit_error_message":"","speechkit_disabled":"","speechkit_access_key":"","speechkit_error":"","speechkit_info":"","speechkit_response":"","speechkit_retries":"","_speechkit_link":"","_speechkit_text":""},"categories":[51,78,81],"tags":[8531,8532,44,1609,72,46,4205,8462,52,3419],"jetpack_featured_media_url":"","_links":{"self":[{"href":"https:\/\/pinews.com.br\/index.php\/wp-json\/wp\/v2\/posts\/23483"}],"collection":[{"href":"https:\/\/pinews.com.br\/index.php\/wp-json\/wp\/v2\/posts"}],"about":[{"href":"https:\/\/pinews.com.br\/index.php\/wp-json\/wp\/v2\/types\/post"}],"author":[{"embeddable":true,"href":"https:\/\/pinews.com.br\/index.php\/wp-json\/wp\/v2\/users\/1"}],"replies":[{"embeddable":true,"href":"https:\/\/pinews.com.br\/index.php\/wp-json\/wp\/v2\/comments?post=23483"}],"version-history":[{"count":0,"href":"https:\/\/pinews.com.br\/index.php\/wp-json\/wp\/v2\/posts\/23483\/revisions"}],"wp:featuredmedia":[{"embeddable":true,"href":"https:\/\/pinews.com.br\/index.php\/wp-json\/"}],"wp:attachment":[{"href":"https:\/\/pinews.com.br\/index.php\/wp-json\/wp\/v2\/media?parent=23483"}],"wp:term":[{"taxonomy":"category","embeddable":true,"href":"https:\/\/pinews.com.br\/index.php\/wp-json\/wp\/v2\/categories?post=23483"},{"taxonomy":"post_tag","embeddable":true,"href":"https:\/\/pinews.com.br\/index.php\/wp-json\/wp\/v2\/tags?post=23483"}],"curies":[{"name":"wp","href":"https:\/\/api.w.org\/{rel}","templated":true}]}}