{"id":23496,"date":"2021-06-17T11:24:45","date_gmt":"2021-06-17T14:24:45","guid":{"rendered":"https:\/\/pinews.com.br\/?p=23496"},"modified":"2021-06-17T11:24:45","modified_gmt":"2021-06-17T14:24:45","slug":"wellington-dias-confirma-a-chegada-de-mais-57-mil-doses-de-vacinas-contra-covid-19","status":"publish","type":"post","link":"https:\/\/pinews.com.br\/index.php\/2021\/06\/17\/wellington-dias-confirma-a-chegada-de-mais-57-mil-doses-de-vacinas-contra-covid-19\/","title":{"rendered":"Wellington Dias confirma a chegada de mais 57 mil doses de vacinas contra Covid-19"},"content":{"rendered":"\n<p>O governador Wellington Dias (PT) confirmou, na noite de quarta-feira (16), que o estado do Piau\u00ed deve receber mais 21.200 vacinas da CoronaVac e 36.270 doses da Pfizer. Os lotes com os imunizantes enviados pelo Minist\u00e9rio da Sa\u00fade devem chegar ao estado nesta sexta-feira (18) por volta das 15h30.&nbsp;<br><br>\u201cA Coronavac volta a ser enviada aos estados ap\u00f3s algumas semanas de paralisa\u00e7\u00e3o. Aguardamos ainda a decis\u00e3o sobre a log\u00edstica de entrega das vacinas da Janssen\u201d, disse o governador nas redes sociais.<br><br>Al\u00e9m disso, Wellington Dias destacou que o Governo do Piau\u00ed seguir\u00e1 com o planejamento e orienta\u00e7\u00e3o de vacina\u00e7\u00e3o com os munic\u00edpios. \u201cVacina para todos\u201d, defende.<br><br>Em Teresina, nesta quinta (17), n\u00e3o haver\u00e1 drive-thru para vacina\u00e7\u00e3o contra Covid-19. Hoje apenas ser\u00e1 aplica\u00e7\u00e3o por agendamento. Algumas cidades do interior seguem com o drive-thru, com idades variadas.&nbsp;<\/p>\n\n\n\n<p><strong>DOSES<\/strong><\/p>\n\n\n\n<ul><li>A Secretaria Estadual de Sa\u00fade (Sesapi) esclarece que \u201cnesta remessa os imunizantes do Instituto Butantan s\u00e3o para a primeira e segunda dose. J\u00e1 as vacinas da Pfizer s\u00e3o para primeira dose. A \u00faltima vez que a Secretaria de Estado da Sa\u00fade (Sesapi) recebeu, do Minist\u00e9rio da Sa\u00fade, a vacina CoronaVac foi no dia 14 de maio\u201d.&nbsp;<br>&nbsp;<\/li><li>A Sesapi ressalta que, \u201cap\u00f3s a resolu\u00e7\u00e3o 126 da Comiss\u00e3o Intergestora Bipartirte, ficou determinado que todas as doses que cheguem ao estado, desde o dia 09 de junho, sejam destinadas a 50% do p\u00fablico de 18 a 59 anos, n\u00e3o contemplado nas demais etapas, 30% para pessoas com comorbidades, defici\u00eancia permanente, gestantes e pu\u00e9rperas e 20% aos servi\u00e7os essenciais escolhidos pelos Conselhos Municipais de Sa\u00fade\u201d.<br>&nbsp;<\/li><li>O Piau\u00ed aguarda a chegada de 44 mil doses da vacina Janssen. A previs\u00e3o era de o lote chegar nesta quinta, mas o envio foi adiado, segundo anunciou o Minist\u00e9rio da Sa\u00fade. Em nota, o Minist\u00e9rio da Sa\u00fade explicou que a suspens\u00e3o do envio \u00e9 tempor\u00e1ria e aguarda nova previs\u00e3o de entrega por parte do laborat\u00f3rio.&nbsp;<\/li><\/ul>\n\n\n\n<p><br>O secret\u00e1rio de Estado da Sa\u00fade, Florentino Neto, comenta que \u201co Piau\u00ed segue avan\u00e7ando na imuniza\u00e7\u00e3o da sua popula\u00e7\u00e3o. Iniciamos na semana passada o envio de doses para o p\u00fablico em geral de 18 a 59 anos e esta nova remessa vai nos possibilitar a celeridade da vacina\u00e7\u00e3o. Enfatizamos mais uma vez a import\u00e2ncia do retorno aos postos de sa\u00fade para receber a segunda dose das vacinas, pois ela \u00e9 essencial para refor\u00e7o da imuniza\u00e7\u00e3o&#8221;.<\/p>\n\n\n\n<p>Os dados do Vacin\u00f4metro da Sesapi at\u00e9 esta quinta-feira (17) apontam que &#8220;mais de um milh\u00e3o de vacinas foram aplicadas no Piau\u00ed, sendo 807.102 piauienses vacinados com a primeira dose e 308.789 com a segunda, completando assim seu ciclo de imuniza\u00e7\u00e3o&#8221;, diz a pasta. <\/p>\n\n\n\n<p><strong>Fonte: Carlienne Carpaso\/ Cidade Verde<\/strong><\/p>\n","protected":false},"excerpt":{"rendered":"<p>O governador Wellington Dias (PT) confirmou, na noite de quarta-feira (16), que o estado do Piau\u00ed deve receber mais 21.200 vacinas da CoronaVac e 36.270 doses da Pfizer. Os lotes com os imunizantes enviados pelo Minist\u00e9rio da Sa\u00fade devem chegar ao estado nesta sexta-feira (18) por volta das 15h30.&nbsp; \u201cA Coronavac volta a ser enviada [&hellip;]<\/p>\n","protected":false},"author":1,"featured_media":23498,"comment_status":"open","ping_status":"open","sticky":false,"template":"","format":"standard","meta":{"beyondwords_generate_audio":"","beyondwords_project_id":"","beyondwords_podcast_id":"","beyondwords_hash":"","beyondwords_error_message":"","beyondwords_disabled":"","publish_post_to_speechkit":"","speechkit_generate_audio":"","speechkit_project_id":"","speechkit_podcast_id":"","speechkit_hash":"","speechkit_error_message":"","speechkit_disabled":"","speechkit_access_key":"","speechkit_error":"","speechkit_info":"","speechkit_response":"","speechkit_retries":"","_speechkit_link":"","_speechkit_text":""},"categories":[51,1288],"tags":[371,8478,1951,294,5307,44,787,6230,76,109,5440,5484],"jetpack_featured_media_url":"","_links":{"self":[{"href":"https:\/\/pinews.com.br\/index.php\/wp-json\/wp\/v2\/posts\/23496"}],"collection":[{"href":"https:\/\/pinews.com.br\/index.php\/wp-json\/wp\/v2\/posts"}],"about":[{"href":"https:\/\/pinews.com.br\/index.php\/wp-json\/wp\/v2\/types\/post"}],"author":[{"embeddable":true,"href":"https:\/\/pinews.com.br\/index.php\/wp-json\/wp\/v2\/users\/1"}],"replies":[{"embeddable":true,"href":"https:\/\/pinews.com.br\/index.php\/wp-json\/wp\/v2\/comments?post=23496"}],"version-history":[{"count":0,"href":"https:\/\/pinews.com.br\/index.php\/wp-json\/wp\/v2\/posts\/23496\/revisions"}],"wp:featuredmedia":[{"embeddable":true,"href":"https:\/\/pinews.com.br\/index.php\/wp-json\/"}],"wp:attachment":[{"href":"https:\/\/pinews.com.br\/index.php\/wp-json\/wp\/v2\/media?parent=23496"}],"wp:term":[{"taxonomy":"category","embeddable":true,"href":"https:\/\/pinews.com.br\/index.php\/wp-json\/wp\/v2\/categories?post=23496"},{"taxonomy":"post_tag","embeddable":true,"href":"https:\/\/pinews.com.br\/index.php\/wp-json\/wp\/v2\/tags?post=23496"}],"curies":[{"name":"wp","href":"https:\/\/api.w.org\/{rel}","templated":true}]}}