{"id":23500,"date":"2021-06-17T11:31:24","date_gmt":"2021-06-17T14:31:24","guid":{"rendered":"https:\/\/pinews.com.br\/?p=23500"},"modified":"2021-06-17T11:31:24","modified_gmt":"2021-06-17T14:31:24","slug":"cidade-do-piaui-fecha-comercio-e-bares-apos-aumento-de-casos-de-covid-19-em-municipio-vizinho","status":"publish","type":"post","link":"https:\/\/pinews.com.br\/index.php\/2021\/06\/17\/cidade-do-piaui-fecha-comercio-e-bares-apos-aumento-de-casos-de-covid-19-em-municipio-vizinho\/","title":{"rendered":"Cidade do Piau\u00ed fecha com\u00e9rcio e bares ap\u00f3s aumento de casos de Covid-19 em munic\u00edpio vizinho"},"content":{"rendered":"\n<p>A Prefeitura de Palmeira do Piau\u00ed, Sul do Piau\u00ed, publicou nesta quarta-feira (16) um novo decreto com restri\u00e7\u00f5es de hor\u00e1rios e funcionamento das atividades comerciais. Com\u00e9rcio, restaurantes e bares n\u00e3o est\u00e3o autorizados a abrir entre os dias 18 a 20 de junho. Academias e atividades esportivas que envolvam contato f\u00edsico foram suspensas at\u00e9 segunda-feira (21).<\/p>\n\n\n\n<p>De acordo com a Secretaria Municipal de Sa\u00fade, os casos de Covid-19 em Palmeira do Piau\u00ed est\u00e3o controlados. As medidas restritivas foram adotadas devido ao aumento de casos na cidade vizinha,&nbsp;<a href=\"https:\/\/g1.globo.com\/pi\/piaui\/cidade\/cristino-castro\/\">Cristino Castro<\/a>, a 566 km de Teresina.<\/p>\n\n\n\n<p>&#8220;A nossa inten\u00e7\u00e3o com esse novo decreto \u00e9 mais para prevenir. A nossa cidade vizinha est\u00e1 com quase 200 casos de Covid ativos. Prevenir para n\u00e3o desandar, porque depois que desandar para controlar \u00e9 mais complicado&#8221;, explicou Laiane Moura, secret\u00e1ria municipal de sa\u00fade de Palmeira do Piau\u00ed.<\/p>\n\n\n\n<figure class=\"wp-block-image\"><img decoding=\"async\" src=\"https:\/\/s2.glbimg.com\/fAX0JCqGkDhFpREy9VOw-NbcRqc=\/0x0:2755x2498\/984x0\/smart\/filters:strip_icc()\/i.s3.glbimg.com\/v1\/AUTH_59edd422c0c84a879bd37670ae4f538a\/internal_photos\/bs\/2021\/P\/A\/bKwAoARAO5BdVIMJjPyQ\/whatsapp-image-2021-06-16-at-15.43.38.jpeg\" alt=\"Boletim epidemiol\u00f3gico de Palmeira do Piau\u00ed \u2014 Foto: Divulga\u00e7\u00e3o Secretaria de Sa\u00fade\"\/><figcaption>Boletim epidemiol\u00f3gico de Palmeira do Piau\u00ed \u2014 Foto: Divulga\u00e7\u00e3o Secretaria de Sa\u00fade<\/figcaption><\/figure>\n\n\n\n<p>Dentre as medidas adotadas pela cidade, os restaurantes e bares poder\u00e3o funcionar at\u00e9 21h de segunda a quinta-feira.&nbsp;Na sexta-feira, s\u00e1bado e domingo, o atendimento presencial \u00e9 suspenso, podendo funcionar apenas por entrega, na modalidade delivery.<\/p>\n\n\n\n<p><strong>Confira as demais restri\u00e7\u00f5es:<\/strong><\/p>\n\n\n\n<ul><li>Com\u00e9rcio: pode funcionar de segunda a sexta-feira at\u00e9 18h e nos s\u00e1bados at\u00e9 13h;<\/li><li>Igrejas: proibido festividades religiosas como festejos, congressos, retiros, entre outros;<\/li><li>Academias: permanecer\u00e3o fechadas at\u00e9 o dia 21 de junho e atividades f\u00edsicas que envolvam contato f\u00edsico.<\/li><\/ul>\n\n\n\n<p>O toque de recolher \u00e9 a partir das 23h. Dessa forma, fica vedada a circula\u00e7\u00e3o de pessoas em espa\u00e7os e vias p\u00fablicas, ou em espa\u00e7os e vias privadas equiparadas a vias p\u00fablicas, ressalvados os deslocamentos de extrema necessidade.<\/p>\n\n\n\n<p>A secret\u00e1ria municipal de sa\u00fade informou ao&nbsp;<strong>G1<\/strong>&nbsp;que a cidade n\u00e3o vai adotar barreira sanit\u00e1ria para evitar o fluxo de pessoas entre os munic\u00edpios. Por\u00e9m, se mesmo com o decreto os n\u00fameros de casos aumentar, medidas mais r\u00edgidas ser\u00e3o adotadas.<\/p>\n\n\n\n<p>O Hospital Regional de Bom Jesus, que atende a regi\u00e3o Sul do Piau\u00ed, j\u00e1 esta com 100% dos leitos de Unidade de Terapia Intensiva (UTI) ocupados. De acordo com a Secretaria de Sa\u00fade do Piau\u00ed (Sesapi), o centro de sa\u00fade atende cerca de 20 munic\u00edpios na regi\u00e3o.<\/p>\n\n\n\n<p>Leitos Cl\u00ednicos Hospital Regional de Bom Jesus<\/p>\n\n\n\n<figure class=\"wp-block-table\"><table><tbody><tr><td>Cidade<\/td><td>Hospital<\/td><td>Leitos totais<\/td><td>Leitos ocupados<\/td><td>Taxa de ocupa\u00e7\u00e3o<\/td><\/tr><tr><td>Bom Jesus<\/td><td>Hospital Regional Manoel de Sousa Santos<\/td><td>7<\/td><td>7<\/td><td>100%<\/td><\/tr><\/tbody><\/table><figcaption>Fonte: Secretaria de Estado da Sa\u00fade do Piau\u00ed &#8211; SESAPIdeslize para ver o conte\u00fado<\/figcaption><\/figure>\n\n\n\n<p>Leitos de enfermaria Hospital Regional de Bom Jesus<\/p>\n\n\n\n<figure class=\"wp-block-table\"><table><tbody><tr><td>Cidade<\/td><td>Nome do hospitais<\/td><td>Leitos totais<\/td><td>Leitos ocupados<\/td><td>Taxa de ocupa\u00e7\u00e3o<\/td><\/tr><tr><td>Bom Jesus<\/td><td>Hospital Regional Manoel de Sousa Santos<\/td><td>17<\/td><td>15<\/td><td>88%<\/td><\/tr><\/tbody><\/table><figcaption>Fonte: Secretaria de Estado da Sa\u00fade do Piau\u00ed &#8211; SESAPIdeslize para ver o conte\u00fado<\/figcaption><\/figure>\n\n\n\n<h2>Cristino Castro<\/h2>\n\n\n\n<p>O boletim epidemiol\u00f3gico divulgado pela Secretaria Municipal de Sa\u00fade de Cristino Castro, na noite dessa ter\u00e7a-feira (15), a cidade tem 146 casos ativos de Covid-19. De acordo com o \u00f3rg\u00e3o, nas \u00faltimas tr\u00eas semanas os n\u00fameros est\u00e3o aumentando.<\/p>\n\n\n\n<p>Segundo a secretaria, foi em decorr\u00eancia disso que a prefeitura prorrogou o decreto anterior, que esteve em vigor entre os dias 7 a 13 de junho.<\/p>\n\n\n\n<p>&#8220;O m\u00e1ximo que dava aqui de casos confirmados era 50 ou 60 casos. Ent\u00e3o nas \u00faltimas tr\u00eas semanas subiu para 100 casos confirmados. Decidimos tomar medidas mais r\u00edgidas e publicamos um decreto no dia 7 at\u00e9 o dia 13 e agora prorrogamos ele at\u00e9 dia 20&#8221;, explicou a secretaria de sa\u00fade Ilara Dias.<\/p>\n\n\n\n<figure class=\"wp-block-image\"><img decoding=\"async\" src=\"https:\/\/s2.glbimg.com\/iYq06noBrNN-4z22iI_H3X3HNrc=\/0x0:900x900\/984x0\/smart\/filters:strip_icc()\/i.s3.glbimg.com\/v1\/AUTH_59edd422c0c84a879bd37670ae4f538a\/internal_photos\/bs\/2021\/j\/t\/ZbWmAFSiSXnGNCiBUL2g\/whatsapp-image-2021-06-16-at-15.36.58.jpeg\" alt=\"Boletim epidemiol\u00f3gico de Cristino Castro no Piau\u00ed \u2014 Foto: Divulga\u00e7\u00e3o Secretaria de Sa\u00fade\"\/><figcaption>Boletim epidemiol\u00f3gico de Cristino Castro no Piau\u00ed \u2014 Foto: Divulga\u00e7\u00e3o Secretaria de Sa\u00fade<\/figcaption><\/figure>\n\n\n\n<p>Continuam&nbsp;suspensas missas, cultos, aulas e atividades esportivas at\u00e9 o dia 20 de junho. Confira as demais medidas restritivas:<\/p>\n\n\n\n<ul><li>Suspensas aulas presenciais na rede privada de ensino;<\/li><li>Proibido a pr\u00e1tica de atividades f\u00edsicas em grupo, seja em ambiente fechado ou aberto;<\/li><li>Toque de recolher, com fechamento do com\u00e9rcio em geral, das 21h \u00e0s 6h.<\/li><\/ul>\n\n\n\n<p>Cristino Castro \u00e9 conhecido pelos seus in\u00fameros po\u00e7os jorrantes, a cidade possui uma das maiores reservas de \u00e1gua subterr\u00e2nea do pa\u00eds, devido a isso existem muitas piscinas naturais no munic\u00edpio. De acordo com o novo decreto, todas elas devem permanecer fechadas at\u00e9 o domingo (20).<\/p>\n\n\n\n<p><strong>Fonte: G1 PI<\/strong><\/p>\n","protected":false},"excerpt":{"rendered":"<p>A Prefeitura de Palmeira do Piau\u00ed, Sul do Piau\u00ed, publicou nesta quarta-feira (16) um novo decreto com restri\u00e7\u00f5es de hor\u00e1rios e funcionamento das atividades comerciais. Com\u00e9rcio, restaurantes e bares n\u00e3o est\u00e3o autorizados a abrir entre os dias 18 a 20 de junho. Academias e atividades esportivas que envolvam contato f\u00edsico foram suspensas at\u00e9 segunda-feira (21). [&hellip;]<\/p>\n","protected":false},"author":1,"featured_media":23501,"comment_status":"open","ping_status":"open","sticky":false,"template":"","format":"standard","meta":{"beyondwords_generate_audio":"","beyondwords_project_id":"","beyondwords_podcast_id":"","beyondwords_hash":"","beyondwords_error_message":"","beyondwords_disabled":"","publish_post_to_speechkit":"","speechkit_generate_audio":"","speechkit_project_id":"","speechkit_podcast_id":"","speechkit_hash":"","speechkit_error_message":"","speechkit_disabled":"","speechkit_access_key":"","speechkit_error":"","speechkit_info":"","speechkit_response":"","speechkit_retries":"","_speechkit_link":"","_speechkit_text":""},"categories":[51],"tags":[70,816,774,432,63,987,5307,44,46,7608,50,52,1257],"jetpack_featured_media_url":"","_links":{"self":[{"href":"https:\/\/pinews.com.br\/index.php\/wp-json\/wp\/v2\/posts\/23500"}],"collection":[{"href":"https:\/\/pinews.com.br\/index.php\/wp-json\/wp\/v2\/posts"}],"about":[{"href":"https:\/\/pinews.com.br\/index.php\/wp-json\/wp\/v2\/types\/post"}],"author":[{"embeddable":true,"href":"https:\/\/pinews.com.br\/index.php\/wp-json\/wp\/v2\/users\/1"}],"replies":[{"embeddable":true,"href":"https:\/\/pinews.com.br\/index.php\/wp-json\/wp\/v2\/comments?post=23500"}],"version-history":[{"count":0,"href":"https:\/\/pinews.com.br\/index.php\/wp-json\/wp\/v2\/posts\/23500\/revisions"}],"wp:featuredmedia":[{"embeddable":true,"href":"https:\/\/pinews.com.br\/index.php\/wp-json\/"}],"wp:attachment":[{"href":"https:\/\/pinews.com.br\/index.php\/wp-json\/wp\/v2\/media?parent=23500"}],"wp:term":[{"taxonomy":"category","embeddable":true,"href":"https:\/\/pinews.com.br\/index.php\/wp-json\/wp\/v2\/categories?post=23500"},{"taxonomy":"post_tag","embeddable":true,"href":"https:\/\/pinews.com.br\/index.php\/wp-json\/wp\/v2\/tags?post=23500"}],"curies":[{"name":"wp","href":"https:\/\/api.w.org\/{rel}","templated":true}]}}