{"id":23558,"date":"2021-06-19T11:24:32","date_gmt":"2021-06-19T14:24:32","guid":{"rendered":"https:\/\/pinews.com.br\/?p=23558"},"modified":"2021-06-19T11:24:32","modified_gmt":"2021-06-19T14:24:32","slug":"projeto-vai-plantar-uma-arvore-em-memoria-de-cada-vitima-da-covid-19-no-piaui","status":"publish","type":"post","link":"https:\/\/pinews.com.br\/index.php\/2021\/06\/19\/projeto-vai-plantar-uma-arvore-em-memoria-de-cada-vitima-da-covid-19-no-piaui\/","title":{"rendered":"Projeto vai plantar uma \u00e1rvore em mem\u00f3ria de cada v\u00edtima da Covid-19 no Piau\u00ed"},"content":{"rendered":"\n<p>O Projeto Parque Recordar, da Secretaria de Estado de Meio Ambiente e Recursos H\u00eddricos (Semar) do Piau\u00ed, vai plantar uma \u00e1rvore para cada v\u00edtima da Covid-19 no estado. O lan\u00e7amento do projeto aconteceu na sexta-feira (18), no munic\u00edpio de&nbsp;S\u00e3o Jo\u00e3o do Piau\u00ed.<\/p>\n\n\n\n<p>As mudas ficar\u00e3o dispon\u00edveis no Centro de Educa\u00e7\u00e3o Ambiental (CEA), que fica ao lado da Potycabana, em&nbsp;Teresina.<\/p>\n\n\n\n<blockquote class=\"wp-block-quote\"><p>\u201cA disponibiliza\u00e7\u00e3o das mudas deve ser equivalente ao n\u00famero de v\u00edtimas em cada cidade e o plantio tem que ser em local apropriado, indicado pela prefeitura e realizado por um familiar\u201d, afirmou a Secret\u00e1ria do Meio Ambiente, S\u00e1dia Castro.<\/p><\/blockquote>\n\n\n\n<p>As cidades que possuem Hospitais Regionais ser\u00e3o as primeiras beneficiadas. S\u00e3o elas:<\/p>\n\n\n\n<ul><li>S\u00e3o Raimundo Nonato (Hospital Regional Senador J. Candido Ferraz);<\/li><li>Floriano (Hospital Local Tib\u00e9rio Nunes);<\/li><li>Bom Jesus (Hospital Regional Manoel De Sousa Santos);<\/li><li>Campo Maior (Hospital Regional de Campo Maior);<\/li><li>Oeiras (Hospital Regional Deolindo Couto);<\/li><li>Picos (Hospital Regional Justino Luz);<\/li><li>Piripiri (Hospital Regional Chagas Rodrigues);<\/li><li>Uru\u00e7ui (Hospital Regional Senador Dirceu Arcoverde);<\/li><li>Valen\u00e7a (Hospital Regional Eust\u00e1quio Portela).<\/li><\/ul>\n\n\n\n<p>Os demais munic\u00edpios devem ficar atentos ao cronograma espec\u00edfico, segundo os territ\u00f3rios de desenvolvimento que cada um faz parte.<\/p>\n\n\n\n<p>O cronograma para os munic\u00edpios que n\u00e3o possuem hospitais regionais seguem a seguinte divis\u00e3o:<\/p>\n\n\n\n<ul><li>Plan\u00edcie Litor\u00e2nea (11 Munic\u00edpios);<\/li><li>Cocais (22 Munic\u00edpios);<\/li><li>Entre Rios (31 Munic\u00edpios);<\/li><li>Vale Dos Rios Piau\u00ed e Itaueiras (19 Munic\u00edpios);<\/li><li>Tabuleiros do Alto Parna\u00edba (12 Munic\u00edpios);<\/li><li>Chapada das Mangabeiras (24 Munic\u00edpios);<\/li><li>Serra da Capivara (18 Munic\u00edpios);<\/li><li>Vale do Canind\u00e9 (17 Munic\u00edpios);<\/li><li>Chapada Vale do Rio Itaim (16 Munic\u00edpios);<\/li><li>Vale do Rio Guaribas (23 Munic\u00edpios);<\/li><li>Vale do Sambito (15 Munic\u00edpios);<\/li><li>Carnaubais (16 Munic\u00edpios).<\/li><\/ul>\n\n\n\n<p><strong>Fonte: G1 PI<\/strong><\/p>\n","protected":false},"excerpt":{"rendered":"<p>O Projeto Parque Recordar, da Secretaria de Estado de Meio Ambiente e Recursos H\u00eddricos (Semar) do Piau\u00ed, vai plantar uma \u00e1rvore para cada v\u00edtima da Covid-19 no estado. O lan\u00e7amento do projeto aconteceu na sexta-feira (18), no munic\u00edpio de&nbsp;S\u00e3o Jo\u00e3o do Piau\u00ed. As mudas ficar\u00e3o dispon\u00edveis no Centro de Educa\u00e7\u00e3o Ambiental (CEA), que fica ao [&hellip;]<\/p>\n","protected":false},"author":1,"featured_media":23559,"comment_status":"open","ping_status":"open","sticky":false,"template":"","format":"standard","meta":{"beyondwords_generate_audio":"","beyondwords_project_id":"","beyondwords_podcast_id":"","beyondwords_hash":"","beyondwords_error_message":"","beyondwords_disabled":"","publish_post_to_speechkit":"","speechkit_generate_audio":"","speechkit_project_id":"","speechkit_podcast_id":"","speechkit_hash":"","speechkit_error_message":"","speechkit_disabled":"","speechkit_access_key":"","speechkit_error":"","speechkit_info":"","speechkit_response":"","speechkit_retries":"","_speechkit_link":"","_speechkit_text":""},"categories":[51],"tags":[441,6577,5307,122,44,46,8552,52,8553,1030,557,1089,285],"jetpack_featured_media_url":"","_links":{"self":[{"href":"https:\/\/pinews.com.br\/index.php\/wp-json\/wp\/v2\/posts\/23558"}],"collection":[{"href":"https:\/\/pinews.com.br\/index.php\/wp-json\/wp\/v2\/posts"}],"about":[{"href":"https:\/\/pinews.com.br\/index.php\/wp-json\/wp\/v2\/types\/post"}],"author":[{"embeddable":true,"href":"https:\/\/pinews.com.br\/index.php\/wp-json\/wp\/v2\/users\/1"}],"replies":[{"embeddable":true,"href":"https:\/\/pinews.com.br\/index.php\/wp-json\/wp\/v2\/comments?post=23558"}],"version-history":[{"count":0,"href":"https:\/\/pinews.com.br\/index.php\/wp-json\/wp\/v2\/posts\/23558\/revisions"}],"wp:featuredmedia":[{"embeddable":true,"href":"https:\/\/pinews.com.br\/index.php\/wp-json\/"}],"wp:attachment":[{"href":"https:\/\/pinews.com.br\/index.php\/wp-json\/wp\/v2\/media?parent=23558"}],"wp:term":[{"taxonomy":"category","embeddable":true,"href":"https:\/\/pinews.com.br\/index.php\/wp-json\/wp\/v2\/categories?post=23558"},{"taxonomy":"post_tag","embeddable":true,"href":"https:\/\/pinews.com.br\/index.php\/wp-json\/wp\/v2\/tags?post=23558"}],"curies":[{"name":"wp","href":"https:\/\/api.w.org\/{rel}","templated":true}]}}