{"id":23564,"date":"2021-06-19T19:32:12","date_gmt":"2021-06-19T22:32:12","guid":{"rendered":"https:\/\/pinews.com.br\/?p=23564"},"modified":"2021-06-19T19:32:12","modified_gmt":"2021-06-19T22:32:12","slug":"cantor-e-sanfoneiro-de-24-anos-morre-apos-passar-mal-no-litoral-do-piaui","status":"publish","type":"post","link":"https:\/\/pinews.com.br\/index.php\/2021\/06\/19\/cantor-e-sanfoneiro-de-24-anos-morre-apos-passar-mal-no-litoral-do-piaui\/","title":{"rendered":"Cantor e sanfoneiro de 24 anos morre ap\u00f3s passar mal no litoral do Piau\u00ed"},"content":{"rendered":"\n<p>O cantor e sanfoneiro F\u00e1bio J\u00fanior morreu aos 24 anos na madrugada deste s\u00e1bado (19). O&nbsp;<strong>Cidadeverde.com<\/strong>&nbsp;apurou que o artista mora em Teresina e havia sido contratado para um evento particular em Lu\u00eds Correia, no litoral do Piau\u00ed. Por volta de 3h, ele passou mal e veio a \u00f3bito. A causa da morte n\u00e3o foi confirmada, mas&nbsp; a suspeita \u00e9 de mal s\u00fabito.&nbsp;<\/p>\n\n\n\n<p>\u201cO Fabim era um cara extrovertido demais. Era motivo de alegria tanto para os amigos, familiares, quanto para os pr\u00f3prios contratantes. Ele conseguia passar alegria atrav\u00e9s de cada can\u00e7\u00e3o. \u00c9 dif\u00edcil de acreditar, uma perda inestim\u00e1vel. O sorriso e a alegria era a marca dele&#8221;&nbsp;relembra o cantor e amigo, Renan Ramos.&nbsp;<\/p>\n\n\n\n<p>Fabim cantava em um trio. Amigos contaram ao&nbsp;<strong>Cidadeverde.com<\/strong>&nbsp;que ele aprendeu tocar sanfona h\u00e1 tr\u00eas anos e o instrumento era sua paix\u00e3o. Em seu Instagram, v\u00eddeos publicados horas antes dele passar mal mostram o artista feliz, cantando e brincando com amigos.&nbsp; Pelas redes sociais, f\u00e3s, amigos e artistas lamentam a perda precoce do jovem.<\/p>\n\n\n\n<p><strong>Fonte: Graciane Sousa\/ Cidade Verde<br><\/strong><\/p>\n","protected":false},"excerpt":{"rendered":"<p>O cantor e sanfoneiro F\u00e1bio J\u00fanior morreu aos 24 anos na madrugada deste s\u00e1bado (19). O&nbsp;Cidadeverde.com&nbsp;apurou que o artista mora em Teresina e havia sido contratado para um evento particular em Lu\u00eds Correia, no litoral do Piau\u00ed. Por volta de 3h, ele passou mal e veio a \u00f3bito. A causa da morte n\u00e3o foi confirmada, [&hellip;]<\/p>\n","protected":false},"author":1,"featured_media":23565,"comment_status":"open","ping_status":"open","sticky":false,"template":"","format":"standard","meta":{"beyondwords_generate_audio":"","beyondwords_project_id":"","beyondwords_podcast_id":"","beyondwords_hash":"","beyondwords_error_message":"","beyondwords_disabled":"","publish_post_to_speechkit":"","speechkit_generate_audio":"","speechkit_project_id":"","speechkit_podcast_id":"","speechkit_hash":"","speechkit_error_message":"","speechkit_disabled":"","speechkit_access_key":"","speechkit_error":"","speechkit_info":"","speechkit_response":"","speechkit_retries":"","_speechkit_link":"","_speechkit_text":""},"categories":[51],"tags":[671,82,70,1192,44,202,368,119,5500,52,7695],"jetpack_featured_media_url":"","_links":{"self":[{"href":"https:\/\/pinews.com.br\/index.php\/wp-json\/wp\/v2\/posts\/23564"}],"collection":[{"href":"https:\/\/pinews.com.br\/index.php\/wp-json\/wp\/v2\/posts"}],"about":[{"href":"https:\/\/pinews.com.br\/index.php\/wp-json\/wp\/v2\/types\/post"}],"author":[{"embeddable":true,"href":"https:\/\/pinews.com.br\/index.php\/wp-json\/wp\/v2\/users\/1"}],"replies":[{"embeddable":true,"href":"https:\/\/pinews.com.br\/index.php\/wp-json\/wp\/v2\/comments?post=23564"}],"version-history":[{"count":0,"href":"https:\/\/pinews.com.br\/index.php\/wp-json\/wp\/v2\/posts\/23564\/revisions"}],"wp:featuredmedia":[{"embeddable":true,"href":"https:\/\/pinews.com.br\/index.php\/wp-json\/"}],"wp:attachment":[{"href":"https:\/\/pinews.com.br\/index.php\/wp-json\/wp\/v2\/media?parent=23564"}],"wp:term":[{"taxonomy":"category","embeddable":true,"href":"https:\/\/pinews.com.br\/index.php\/wp-json\/wp\/v2\/categories?post=23564"},{"taxonomy":"post_tag","embeddable":true,"href":"https:\/\/pinews.com.br\/index.php\/wp-json\/wp\/v2\/tags?post=23564"}],"curies":[{"name":"wp","href":"https:\/\/api.w.org\/{rel}","templated":true}]}}