{"id":23586,"date":"2021-06-20T19:34:11","date_gmt":"2021-06-20T22:34:11","guid":{"rendered":"https:\/\/pinews.com.br\/?p=23586"},"modified":"2021-06-20T19:34:11","modified_gmt":"2021-06-20T22:34:11","slug":"piaui-recebe-104-mil-novas-doses-da-vacina-astrazeneca","status":"publish","type":"post","link":"https:\/\/pinews.com.br\/index.php\/2021\/06\/20\/piaui-recebe-104-mil-novas-doses-da-vacina-astrazeneca\/","title":{"rendered":"Piau\u00ed recebe 104 mil novas doses da vacina AstraZeneca"},"content":{"rendered":"\n<p>O Minist\u00e9rio da Sa\u00fade anunciou neste domingo (20) novas doses da vacina AstraZeneca aos estados. No total, s\u00e3o quase 5 milh\u00f5es de doses do imunizante produzido pela Funda\u00e7\u00e3o Oswaldo Cruz (Fiocruz). O Piau\u00ed recebeu 104.750 doses. A distribui\u00e7\u00e3o come\u00e7ou neste domingo (20) e est\u00e1 prevista para ser conclu\u00edda na segunda-feira (21).<\/p>\n\n\n\n<p>As doses do Piau\u00ed chegaram a Teresina na tarde de hoje. Os imunizantes s\u00e3o para aplica\u00e7\u00e3o de segunda doses de grupos contemplados em outras pautas de distribui\u00e7\u00e3o.&nbsp;<\/p>\n\n\n\n<p>\u201cEstas vacinas ser\u00e3o destinadas para a complementa\u00e7\u00e3o do ciclo de imuniza\u00e7\u00e3o da popula\u00e7\u00e3o, que foi inserida em etapas anteriores\u201d, destaca o secret\u00e1rio de Estado da Sa\u00fade, Florentino Neto.&nbsp;<\/p>\n\n\n\n<p>As vacinas ser\u00e3o destinadas a 71% da popula\u00e7\u00e3o de 60 a 64 anos, que foi contemplada nas pautas 14-A ,15-A e 16-A. Tamb\u00e9m para 6% do grupo de for\u00e7as de seguran\u00e7a e salvamento e for\u00e7as armadas.&nbsp;<\/p>\n\n\n\n<p>O secret\u00e1rio lembra \u00e0 popula\u00e7\u00e3o da necessidade de se tomar a segunda dose das vacinas, para que a imuniza\u00e7\u00e3o seja completa.&nbsp;<\/p>\n\n\n\n<p>\u201cPedimos mais uma vez que n\u00e3o deixem de tomar a segunda dose. Voltem aos postos de sa\u00fade no dia anunciado pelo seu munic\u00edpio, ou que esteja marcado no seu cart\u00e3o de vacina. A segunda dose \u00e9 essencial para que voc\u00ea fique imunizado e mesmo vacinado com as duas doses n\u00e3o deixe de manter os cuidados para evitar a propaga\u00e7\u00e3o do v\u00edrus\u201d, ressalta Florentino Neto.<\/p>\n\n\n\n<figure class=\"wp-block-image\"><img decoding=\"async\" src=\"https:\/\/cidadeverde.com\/assets\/uploads\/noticias\/b26f2859cd0bdcf6f5a2dfedc69f0f8a.jpg\" alt=\"\"\/><figcaption>Foto: Reprodu\u00e7\u00e3o<\/figcaption><\/figure>\n\n\n\n<p><strong>Antecipa\u00e7\u00e3o da 2\u00ba dose<\/strong><\/p>\n\n\n\n<p>A Secretaria Estadual de Sa\u00fade (Sesapi) e os secret\u00e1rios municipais de Sa\u00fade aprovaram a determina\u00e7\u00e3o que a segunda dose da vacina  AstraZeneca ser\u00e1 aplicada em 75 dias (2 meses e 15 dias) e n\u00e3o mais em 90 dias (tr\u00eas meses).<\/p>\n\n\n\n<p>A resolu\u00e7\u00e3o foi aprovada pela Comiss\u00e3o Intergestora Bipartite (CIB), composta por membros da Secretaria Estadual de Sa\u00fade (Sesapi) e do Conselho de Secret\u00e1rios Municipais de Sa\u00fade (Cosems).<\/p>\n\n\n\n<p><strong>Fonte: H\u00e9rlon Moraes\/ Cidade Verde<\/strong><\/p>\n","protected":false},"excerpt":{"rendered":"<p>O Minist\u00e9rio da Sa\u00fade anunciou neste domingo (20) novas doses da vacina AstraZeneca aos estados. No total, s\u00e3o quase 5 milh\u00f5es de doses do imunizante produzido pela Funda\u00e7\u00e3o Oswaldo Cruz (Fiocruz). O Piau\u00ed recebeu 104.750 doses. A distribui\u00e7\u00e3o come\u00e7ou neste domingo (20) e est\u00e1 prevista para ser conclu\u00edda na segunda-feira (21). As doses do Piau\u00ed [&hellip;]<\/p>\n","protected":false},"author":1,"featured_media":23587,"comment_status":"open","ping_status":"open","sticky":false,"template":"","format":"standard","meta":{"beyondwords_generate_audio":"","beyondwords_project_id":"","beyondwords_podcast_id":"","beyondwords_hash":"","beyondwords_error_message":"","beyondwords_disabled":"","publish_post_to_speechkit":"","speechkit_generate_audio":"","speechkit_project_id":"","speechkit_podcast_id":"","speechkit_hash":"","speechkit_error_message":"","speechkit_disabled":"","speechkit_access_key":"","speechkit_error":"","speechkit_info":"","speechkit_response":"","speechkit_retries":"","_speechkit_link":"","_speechkit_text":""},"categories":[51,1288],"tags":[8557,7339,122,6230,109,4110,52,2962,3178],"jetpack_featured_media_url":"","_links":{"self":[{"href":"https:\/\/pinews.com.br\/index.php\/wp-json\/wp\/v2\/posts\/23586"}],"collection":[{"href":"https:\/\/pinews.com.br\/index.php\/wp-json\/wp\/v2\/posts"}],"about":[{"href":"https:\/\/pinews.com.br\/index.php\/wp-json\/wp\/v2\/types\/post"}],"author":[{"embeddable":true,"href":"https:\/\/pinews.com.br\/index.php\/wp-json\/wp\/v2\/users\/1"}],"replies":[{"embeddable":true,"href":"https:\/\/pinews.com.br\/index.php\/wp-json\/wp\/v2\/comments?post=23586"}],"version-history":[{"count":0,"href":"https:\/\/pinews.com.br\/index.php\/wp-json\/wp\/v2\/posts\/23586\/revisions"}],"wp:featuredmedia":[{"embeddable":true,"href":"https:\/\/pinews.com.br\/index.php\/wp-json\/"}],"wp:attachment":[{"href":"https:\/\/pinews.com.br\/index.php\/wp-json\/wp\/v2\/media?parent=23586"}],"wp:term":[{"taxonomy":"category","embeddable":true,"href":"https:\/\/pinews.com.br\/index.php\/wp-json\/wp\/v2\/categories?post=23586"},{"taxonomy":"post_tag","embeddable":true,"href":"https:\/\/pinews.com.br\/index.php\/wp-json\/wp\/v2\/tags?post=23586"}],"curies":[{"name":"wp","href":"https:\/\/api.w.org\/{rel}","templated":true}]}}