{"id":23605,"date":"2021-06-21T19:29:47","date_gmt":"2021-06-21T22:29:47","guid":{"rendered":"https:\/\/pinews.com.br\/?p=23605"},"modified":"2021-06-21T19:29:47","modified_gmt":"2021-06-21T22:29:47","slug":"criador-de-sao-juliao-perde-41-ovelhas-apos-ter-seu-criatorio-atacado-por-cachorros","status":"publish","type":"post","link":"https:\/\/pinews.com.br\/index.php\/2021\/06\/21\/criador-de-sao-juliao-perde-41-ovelhas-apos-ter-seu-criatorio-atacado-por-cachorros\/","title":{"rendered":"Criador de S\u00e3o Juli\u00e3o perde 41 ovelhas ap\u00f3s ter seu criat\u00f3rio atacado por cachorros"},"content":{"rendered":"\n<p>Um criador de caprinos e ovinos de S\u00e3o Juli\u00e3o \u2013 PI, munic\u00edpio localizado na regi\u00e3o de Picos relatou que seu criat\u00f3rio foi atacado por cachorros durante o final de semana. De acordo com informa\u00e7\u00f5es repassadas ao <em>Portal \u00c9 Not\u00edcias<\/em>, no ataque, foram mortas 41 ovelhas e outras dezenas de animais ficaram feridos.<\/p>\n\n\n\n<p>\u201cQuando fui hoje pela manh\u00e3 na ro\u00e7a, o cen\u00e1rio que encontrei era desolador. Muitas ovelhas mortas e outras feridas espalhadas pela propriedade. Como se n\u00e3o bastasse o trabalho que temos com os animais e o pre\u00e7o alto da ra\u00e7\u00e3o, agora temos que lidar tamb\u00e9m com o ataque de cachorros\u201d, lamentou o criador.<\/p>\n\n\n\n<figure class=\"wp-block-image\"><img decoding=\"async\" src=\"https:\/\/i1.wp.com\/www.portalenoticias.com.br\/wp-content\/uploads\/2021\/06\/a66f4584-e53f-411f-b5d4-2fa2e0c6d6d2.jpg?fit=600%2C613&amp;ssl=1\" alt=\"\" class=\"wp-image-93855\"\/><figcaption>Criador Francisco do Greg\u00f3rio teve 41 ovelhas mortas por cachorros\/ Reprodu\u00e7\u00e3o<\/figcaption><\/figure>\n\n\n\n<p>Outro criador informou que seu criat\u00f3rio tamb\u00e9m foi alvo de ataque.<\/p>\n\n\n\n<p>\u201cEm nossa propriedade foram 06 ovelhas mordidas.&nbsp; Quando os c\u00e3es mordem raramente elas sobrevivem. De dezembro para c\u00e1, 11 pequenos criadores tiveram preju\u00edzos com ataques de cachorros\u201d, informou o criador Lu\u00eds do Gabriel.<\/p>\n\n\n\n<p>O caso de ataque de c\u00e3es a caprinos e ovinos em S\u00e3o Juli\u00e3o \u2013 PI j\u00e1 foi alvo de debates entre autoridades. Em mar\u00e7o de 2020 foi realizada uma audi\u00eancia p\u00fablica para discutir sobre o assunto.<\/p>\n\n\n\n<p>Na \u00e9poca, a audi\u00eancia reuniu criadores, representantes dos poderes executivo e legislativo, Sindicato dos Trabalhadores Rurais (STR), Pol\u00edcia Militar e membros da Associa\u00e7\u00e3o de Prote\u00e7\u00e3o Animal de S\u00e3o Juli\u00e3o-PI bem como um grande n\u00famero de criadores de todo o munic\u00edpio de S\u00e3o Juli\u00e3o \u2013 PI.<\/p>\n\n\n\n<p>Na \u00e9poca da audi\u00eancia p\u00fablica ficou acertado que o dono do c\u00e3o que ocasiona preju\u00edzo ao criador pode ser responsabilizado. Basta o criador fazer o reconhecimento do animal e acionar a pol\u00edcia.<\/p>\n\n\n\n<figure class=\"wp-block-image\"><img decoding=\"async\" src=\"https:\/\/i1.wp.com\/www.portalenoticias.com.br\/wp-content\/uploads\/2021\/06\/a361c6a7-ead4-4dd7-829a-09e0bfa455e2.jpg?fit=639%2C600&amp;ssl=1\" alt=\"\" class=\"wp-image-93856\"\/><\/figure>\n\n\n\n<figure class=\"wp-block-image\"><img decoding=\"async\" src=\"https:\/\/i1.wp.com\/www.portalenoticias.com.br\/wp-content\/uploads\/2021\/06\/a66f4584-e53f-411f-b5d4-2fa2e0c6d6d2.jpg?fit=600%2C613&amp;ssl=1\" alt=\"\" class=\"wp-image-93855\"\/><\/figure>\n\n\n\n<figure class=\"wp-block-image\"><img decoding=\"async\" src=\"https:\/\/i1.wp.com\/www.portalenoticias.com.br\/wp-content\/uploads\/2021\/06\/37375523-e265-4dd7-a19d-8f58a33f96a3.jpg?fit=649%2C600&amp;ssl=1\" alt=\"\" class=\"wp-image-93854\"\/><\/figure>\n\n\n\n<figure class=\"wp-block-image\"><img decoding=\"async\" src=\"https:\/\/i1.wp.com\/www.portalenoticias.com.br\/wp-content\/uploads\/2021\/06\/f6e09a9d-89b6-41c8-bc9c-4db6794caf2d.jpg?fit=665%2C600&amp;ssl=1\" alt=\"\" class=\"wp-image-93853\"\/><\/figure>\n\n\n\n<figure class=\"wp-block-image\"><img decoding=\"async\" src=\"https:\/\/i0.wp.com\/www.portalenoticias.com.br\/wp-content\/uploads\/2021\/06\/76ebaf38-73d1-4f78-9275-c757e7cd40a0.jpg?fit=707%2C600&amp;ssl=1\" alt=\"\" class=\"wp-image-93851\"\/><\/figure>\n\n\n\n<figure class=\"wp-block-image\"><img decoding=\"async\" src=\"https:\/\/i0.wp.com\/www.portalenoticias.com.br\/wp-content\/uploads\/2021\/06\/11f00c39-3cee-4c29-867a-5f14abff5859.jpg?fit=746%2C600&amp;ssl=1\" alt=\"\" class=\"wp-image-93850\"\/><\/figure>\n\n\n\n<figure class=\"wp-block-image\"><img decoding=\"async\" src=\"https:\/\/i2.wp.com\/www.portalenoticias.com.br\/wp-content\/uploads\/2021\/06\/36c04bde-4c3b-4004-9944-b84f56f0ce64.jpg?fit=800%2C600&amp;ssl=1\" alt=\"\" class=\"wp-image-93849\"\/><\/figure>\n\n\n\n<p>Fotos: Reprodu\u00e7\u00e3o<\/p>\n\n\n\n<p><strong>Fonte: Portal \u00c9 Not\u00edcias<\/strong><\/p>\n","protected":false},"excerpt":{"rendered":"<p>Um criador de caprinos e ovinos de S\u00e3o Juli\u00e3o \u2013 PI, munic\u00edpio localizado na regi\u00e3o de Picos relatou que seu criat\u00f3rio foi atacado por cachorros durante o final de semana. De acordo com informa\u00e7\u00f5es repassadas ao Portal \u00c9 Not\u00edcias, no ataque, foram mortas 41 ovelhas e outras dezenas de animais ficaram feridos. \u201cQuando fui hoje [&hellip;]<\/p>\n","protected":false},"author":1,"featured_media":23606,"comment_status":"open","ping_status":"open","sticky":false,"template":"","format":"standard","meta":{"beyondwords_generate_audio":"","beyondwords_project_id":"","beyondwords_podcast_id":"","beyondwords_hash":"","beyondwords_error_message":"","beyondwords_disabled":"","publish_post_to_speechkit":"","speechkit_generate_audio":"","speechkit_project_id":"","speechkit_podcast_id":"","speechkit_hash":"","speechkit_error_message":"","speechkit_disabled":"","speechkit_access_key":"","speechkit_error":"","speechkit_info":"","speechkit_response":"","speechkit_retries":"","_speechkit_link":"","_speechkit_text":""},"categories":[51,500],"tags":[1102,70,878,1110,7658,6522,44,499,2099,731,59,362,1036,521],"jetpack_featured_media_url":"","_links":{"self":[{"href":"https:\/\/pinews.com.br\/index.php\/wp-json\/wp\/v2\/posts\/23605"}],"collection":[{"href":"https:\/\/pinews.com.br\/index.php\/wp-json\/wp\/v2\/posts"}],"about":[{"href":"https:\/\/pinews.com.br\/index.php\/wp-json\/wp\/v2\/types\/post"}],"author":[{"embeddable":true,"href":"https:\/\/pinews.com.br\/index.php\/wp-json\/wp\/v2\/users\/1"}],"replies":[{"embeddable":true,"href":"https:\/\/pinews.com.br\/index.php\/wp-json\/wp\/v2\/comments?post=23605"}],"version-history":[{"count":0,"href":"https:\/\/pinews.com.br\/index.php\/wp-json\/wp\/v2\/posts\/23605\/revisions"}],"wp:featuredmedia":[{"embeddable":true,"href":"https:\/\/pinews.com.br\/index.php\/wp-json\/"}],"wp:attachment":[{"href":"https:\/\/pinews.com.br\/index.php\/wp-json\/wp\/v2\/media?parent=23605"}],"wp:term":[{"taxonomy":"category","embeddable":true,"href":"https:\/\/pinews.com.br\/index.php\/wp-json\/wp\/v2\/categories?post=23605"},{"taxonomy":"post_tag","embeddable":true,"href":"https:\/\/pinews.com.br\/index.php\/wp-json\/wp\/v2\/tags?post=23605"}],"curies":[{"name":"wp","href":"https:\/\/api.w.org\/{rel}","templated":true}]}}